{"id":1545,"date":"2024-04-17T12:08:34","date_gmt":"2024-04-17T15:08:34","guid":{"rendered":"https:\/\/sindticccba.org.br\/?p=1545"},"modified":"2024-04-17T12:08:34","modified_gmt":"2024-04-17T15:08:34","slug":"1545","status":"publish","type":"post","link":"https:\/\/sindticccba.org.br\/index.php\/2024\/04\/17\/1545\/","title":{"rendered":""},"content":{"rendered":"<p>Na manh\u00e3 dessa quarta-feira, 17\/04, o coordenador-geral do Sindticcc, Antonio Ubirajara, marcou presen\u00e7a na 3\u00aa reuni\u00e3o para discuss\u00e3o das atividades do 1\u00ba de Maio em Cama\u00e7ari e regi\u00e3o, com a participa\u00e7\u00e3o de representantes de v\u00e1rios sindicatos.<br \/>\n#SindticccNaPista #S\u00f3ConquistaQuemLuta<\/p>\n<p><a href=\"https:\/\/sindticccba.org.br\/wp-content\/uploads\/2024\/04\/WhatsApp-Image-2024-04-17-at-11.09.14.jpeg\"><img loading=\"lazy\" decoding=\"async\" src=\"https:\/\/sindticccba.org.br\/wp-content\/uploads\/2024\/04\/WhatsApp-Image-2024-04-17-at-11.09.14-300x225.jpeg\" alt=\"\" width=\"300\" height=\"225\" class=\"alignnone size-medium wp-image-1546\" srcset=\"https:\/\/sindticccba.org.br\/wp-content\/uploads\/2024\/04\/WhatsApp-Image-2024-04-17-at-11.09.14-300x225.jpeg 300w, https:\/\/sindticccba.org.br\/wp-content\/uploads\/2024\/04\/WhatsApp-Image-2024-04-17-at-11.09.14-1024x768.jpeg 1024w, https:\/\/sindticccba.org.br\/wp-content\/uploads\/2024\/04\/WhatsApp-Image-2024-04-17-at-11.09.14-768x576.jpeg 768w, https:\/\/sindticccba.org.br\/wp-content\/uploads\/2024\/04\/WhatsApp-Image-2024-04-17-at-11.09.14-696x522.jpeg 696w, https:\/\/sindticccba.org.br\/wp-content\/uploads\/2024\/04\/WhatsApp-Image-2024-04-17-at-11.09.14-1068x801.jpeg 1068w, https:\/\/sindticccba.org.br\/wp-content\/uploads\/2024\/04\/WhatsApp-Image-2024-04-17-at-11.09.14-265x198.jpeg 265w, https:\/\/sindticccba.org.br\/wp-content\/uploads\/2024\/04\/WhatsApp-Image-2024-04-17-at-11.09.14.jpeg 1280w\" sizes=\"auto, (max-width: 300px) 100vw, 300px\" \/><\/a><\/p>\n","protected":false},"excerpt":{"rendered":"<p>Na manh\u00e3 dessa quarta-feira, 17\/04, o coordenador-geral do Sindticcc, Antonio Ubirajara, marcou presen\u00e7a na 3\u00aa reuni\u00e3o para discuss\u00e3o das atividades do 1\u00ba de Maio em Cama\u00e7ari e regi\u00e3o, com a participa\u00e7\u00e3o de representantes de v\u00e1rios sindicatos. #SindticccNaPista #S\u00f3ConquistaQuemLuta<\/p>\n","protected":false},"author":4,"featured_media":1546,"comment_status":"closed","ping_status":"closed","sticky":false,"template":"","format":"standard","meta":{"footnotes":""},"categories":[1],"tags":[],"class_list":{"0":"post-1545","1":"post","2":"type-post","3":"status-publish","4":"format-standard","5":"has-post-thumbnail","7":"category-noticias"},"_links":{"self":[{"href":"https:\/\/sindticccba.org.br\/index.php\/wp-json\/wp\/v2\/posts\/1545","targetHints":{"allow":["GET"]}}],"collection":[{"href":"https:\/\/sindticccba.org.br\/index.php\/wp-json\/wp\/v2\/posts"}],"about":[{"href":"https:\/\/sindticccba.org.br\/index.php\/wp-json\/wp\/v2\/types\/post"}],"author":[{"embeddable":true,"href":"https:\/\/sindticccba.org.br\/index.php\/wp-json\/wp\/v2\/users\/4"}],"replies":[{"embeddable":true,"href":"https:\/\/sindticccba.org.br\/index.php\/wp-json\/wp\/v2\/comments?post=1545"}],"version-history":[{"count":1,"href":"https:\/\/sindticccba.org.br\/index.php\/wp-json\/wp\/v2\/posts\/1545\/revisions"}],"predecessor-version":[{"id":1547,"href":"https:\/\/sindticccba.org.br\/index.php\/wp-json\/wp\/v2\/posts\/1545\/revisions\/1547"}],"wp:featuredmedia":[{"embeddable":true,"href":"https:\/\/sindticccba.org.br\/index.php\/wp-json\/wp\/v2\/media\/1546"}],"wp:attachment":[{"href":"https:\/\/sindticccba.org.br\/index.php\/wp-json\/wp\/v2\/media?parent=1545"}],"wp:term":[{"taxonomy":"category","embeddable":true,"href":"https:\/\/sindticccba.org.br\/index.php\/wp-json\/wp\/v2\/categories?post=1545"},{"taxonomy":"post_tag","embeddable":true,"href":"https:\/\/sindticccba.org.br\/index.php\/wp-json\/wp\/v2\/tags?post=1545"}],"curies":[{"name":"wp","href":"https:\/\/api.w.org\/{rel}","templated":true}]}}