{"id":1529,"date":"2024-04-09T18:58:50","date_gmt":"2024-04-09T21:58:50","guid":{"rendered":"https:\/\/sindticccba.org.br\/?p=1529"},"modified":"2024-04-09T18:58:50","modified_gmt":"2024-04-09T21:58:50","slug":"bira-do-sindticcc-comemora-lideranca-de-luiz-caetano-em-pesquisa-para-prefeitura-de-camacari","status":"publish","type":"post","link":"https:\/\/sindticccba.org.br\/index.php\/2024\/04\/09\/bira-do-sindticcc-comemora-lideranca-de-luiz-caetano-em-pesquisa-para-prefeitura-de-camacari\/","title":{"rendered":"Bira do Sindticcc comemora lideran\u00e7a de Luiz Caetano em pesquisa para prefeitura de Cama\u00e7ari"},"content":{"rendered":"<p><a href=\"https:\/\/sindticccba.org.br\/wp-content\/uploads\/2024\/04\/Bira-no-7-de-setembro.jpg\"><img loading=\"lazy\" decoding=\"async\" src=\"https:\/\/sindticccba.org.br\/wp-content\/uploads\/2024\/04\/Bira-no-7-de-setembro-300x214.jpg\" alt=\"\" width=\"300\" height=\"214\" class=\"alignnone size-medium wp-image-1530\" srcset=\"https:\/\/sindticccba.org.br\/wp-content\/uploads\/2024\/04\/Bira-no-7-de-setembro-300x214.jpg 300w, https:\/\/sindticccba.org.br\/wp-content\/uploads\/2024\/04\/Bira-no-7-de-setembro.jpg 452w\" sizes=\"auto, (max-width: 300px) 100vw, 300px\" \/><\/a><\/p>\n<p>A pol\u00edtica de Cama\u00e7ari voltou a ficar movimentada ap\u00f3s a divulga\u00e7\u00e3o de uma pesquisa de opini\u00e3o p\u00fablica realizada na cidade. O coordenador geral do Sindticcc, Ant\u00f4nio Ubirajara comemorou atrav\u00e9s das suas redes sociais os n\u00fameros da pesquisa Atlas Intel para a Prefeitura de Cama\u00e7ari, divulgada pelo jornal A Tarde, na qual Luiz Caetano (PT), aparece liderando com 50,3% das inten\u00e7\u00f5es de voto contra 43,8% do presidente da C\u00e2mara, vereador Fl\u00e1vio Matos (Uni\u00e3o Brasil). Oswaldinho Marcolino (MDB) tem 1,7% e 1,8% preferem outro candidato. Brancos e nulos somam 2,3% e apenas 0,2% n\u00e3o souberam opinar. \u201cCreio que a partir de agora, com Caetano tendo deixado a Secretaria de Rela\u00e7\u00f5es Institucionais da qual era titular, ele vai se dedicar exclusivamente \u00e0 pr\u00e9-campanha e, certamente, a diferen\u00e7a sobre o seu principal advers\u00e1rio ir\u00e1 aumentar mais ainda\u201d, projetou Bira, como \u00e9 mais conhecido o sindicalista.<\/p>\n","protected":false},"excerpt":{"rendered":"<p>A pol\u00edtica de Cama\u00e7ari voltou a ficar movimentada ap\u00f3s a divulga\u00e7\u00e3o de uma pesquisa de opini\u00e3o p\u00fablica realizada na cidade. O coordenador geral do Sindticcc, Ant\u00f4nio Ubirajara comemorou atrav\u00e9s das suas redes sociais os n\u00fameros da pesquisa Atlas Intel para a Prefeitura de Cama\u00e7ari, divulgada pelo jornal A Tarde, na qual Luiz Caetano (PT), aparece [&hellip;]<\/p>\n","protected":false},"author":4,"featured_media":1530,"comment_status":"closed","ping_status":"closed","sticky":false,"template":"","format":"standard","meta":{"footnotes":""},"categories":[1],"tags":[],"class_list":{"0":"post-1529","1":"post","2":"type-post","3":"status-publish","4":"format-standard","5":"has-post-thumbnail","7":"category-noticias"},"_links":{"self":[{"href":"https:\/\/sindticccba.org.br\/index.php\/wp-json\/wp\/v2\/posts\/1529","targetHints":{"allow":["GET"]}}],"collection":[{"href":"https:\/\/sindticccba.org.br\/index.php\/wp-json\/wp\/v2\/posts"}],"about":[{"href":"https:\/\/sindticccba.org.br\/index.php\/wp-json\/wp\/v2\/types\/post"}],"author":[{"embeddable":true,"href":"https:\/\/sindticccba.org.br\/index.php\/wp-json\/wp\/v2\/users\/4"}],"replies":[{"embeddable":true,"href":"https:\/\/sindticccba.org.br\/index.php\/wp-json\/wp\/v2\/comments?post=1529"}],"version-history":[{"count":1,"href":"https:\/\/sindticccba.org.br\/index.php\/wp-json\/wp\/v2\/posts\/1529\/revisions"}],"predecessor-version":[{"id":1531,"href":"https:\/\/sindticccba.org.br\/index.php\/wp-json\/wp\/v2\/posts\/1529\/revisions\/1531"}],"wp:featuredmedia":[{"embeddable":true,"href":"https:\/\/sindticccba.org.br\/index.php\/wp-json\/wp\/v2\/media\/1530"}],"wp:attachment":[{"href":"https:\/\/sindticccba.org.br\/index.php\/wp-json\/wp\/v2\/media?parent=1529"}],"wp:term":[{"taxonomy":"category","embeddable":true,"href":"https:\/\/sindticccba.org.br\/index.php\/wp-json\/wp\/v2\/categories?post=1529"},{"taxonomy":"post_tag","embeddable":true,"href":"https:\/\/sindticccba.org.br\/index.php\/wp-json\/wp\/v2\/tags?post=1529"}],"curies":[{"name":"wp","href":"https:\/\/api.w.org\/{rel}","templated":true}]}}