{"id":1512,"date":"2024-04-08T12:02:39","date_gmt":"2024-04-08T15:02:39","guid":{"rendered":"https:\/\/sindticccba.org.br\/?p=1512"},"modified":"2024-04-08T12:02:39","modified_gmt":"2024-04-08T15:02:39","slug":"nota-de-pesar-2","status":"publish","type":"post","link":"https:\/\/sindticccba.org.br\/index.php\/2024\/04\/08\/nota-de-pesar-2\/","title":{"rendered":"NOTA DE PESAR"},"content":{"rendered":"<p>O Sindticcc comunica, com pesar, o falecimento do trabalhador Jos\u00e9 Francisco Barbosa, caldeireiro da RIP, que sofreu um mal s\u00fabito no s\u00e1bado, enquanto trabalhava. Nossos p\u00easames aos familiares e amigos nesse momento de luto.<\/p>\n<p><a href=\"https:\/\/sindticccba.org.br\/wp-content\/uploads\/2024\/04\/Pesar.jpg\"><img loading=\"lazy\" decoding=\"async\" src=\"https:\/\/sindticccba.org.br\/wp-content\/uploads\/2024\/04\/Pesar-224x300.jpg\" alt=\"\" width=\"224\" height=\"300\" class=\"alignnone size-medium wp-image-1513\" srcset=\"https:\/\/sindticccba.org.br\/wp-content\/uploads\/2024\/04\/Pesar-224x300.jpg 224w, https:\/\/sindticccba.org.br\/wp-content\/uploads\/2024\/04\/Pesar.jpg 347w\" sizes=\"auto, (max-width: 224px) 100vw, 224px\" \/><\/a><\/p>\n","protected":false},"excerpt":{"rendered":"<p>O Sindticcc comunica, com pesar, o falecimento do trabalhador Jos\u00e9 Francisco Barbosa, caldeireiro da RIP, que sofreu um mal s\u00fabito no s\u00e1bado, enquanto trabalhava. Nossos p\u00easames aos familiares e amigos nesse momento de luto.<\/p>\n","protected":false},"author":4,"featured_media":1513,"comment_status":"closed","ping_status":"closed","sticky":false,"template":"","format":"standard","meta":{"footnotes":""},"categories":[1],"tags":[],"class_list":{"0":"post-1512","1":"post","2":"type-post","3":"status-publish","4":"format-standard","5":"has-post-thumbnail","7":"category-noticias"},"_links":{"self":[{"href":"https:\/\/sindticccba.org.br\/index.php\/wp-json\/wp\/v2\/posts\/1512","targetHints":{"allow":["GET"]}}],"collection":[{"href":"https:\/\/sindticccba.org.br\/index.php\/wp-json\/wp\/v2\/posts"}],"about":[{"href":"https:\/\/sindticccba.org.br\/index.php\/wp-json\/wp\/v2\/types\/post"}],"author":[{"embeddable":true,"href":"https:\/\/sindticccba.org.br\/index.php\/wp-json\/wp\/v2\/users\/4"}],"replies":[{"embeddable":true,"href":"https:\/\/sindticccba.org.br\/index.php\/wp-json\/wp\/v2\/comments?post=1512"}],"version-history":[{"count":1,"href":"https:\/\/sindticccba.org.br\/index.php\/wp-json\/wp\/v2\/posts\/1512\/revisions"}],"predecessor-version":[{"id":1514,"href":"https:\/\/sindticccba.org.br\/index.php\/wp-json\/wp\/v2\/posts\/1512\/revisions\/1514"}],"wp:featuredmedia":[{"embeddable":true,"href":"https:\/\/sindticccba.org.br\/index.php\/wp-json\/wp\/v2\/media\/1513"}],"wp:attachment":[{"href":"https:\/\/sindticccba.org.br\/index.php\/wp-json\/wp\/v2\/media?parent=1512"}],"wp:term":[{"taxonomy":"category","embeddable":true,"href":"https:\/\/sindticccba.org.br\/index.php\/wp-json\/wp\/v2\/categories?post=1512"},{"taxonomy":"post_tag","embeddable":true,"href":"https:\/\/sindticccba.org.br\/index.php\/wp-json\/wp\/v2\/tags?post=1512"}],"curies":[{"name":"wp","href":"https:\/\/api.w.org\/{rel}","templated":true}]}}