{"id":1502,"date":"2024-04-06T16:35:22","date_gmt":"2024-04-06T19:35:22","guid":{"rendered":"https:\/\/sindticccba.org.br\/?p=1502"},"modified":"2024-04-06T16:35:22","modified_gmt":"2024-04-06T19:35:22","slug":"cut-e-demais-centrais-defendem-a-insercao-do-trabalhador-nos-avancos-tecnologicos","status":"publish","type":"post","link":"https:\/\/sindticccba.org.br\/index.php\/2024\/04\/06\/cut-e-demais-centrais-defendem-a-insercao-do-trabalhador-nos-avancos-tecnologicos\/","title":{"rendered":"CUT e demais centrais defendem a inser\u00e7\u00e3o do trabalhador nos avan\u00e7os tecnol\u00f3gicos"},"content":{"rendered":"<p><strong>Para os sindicalistas os avan\u00e7os tecnol\u00f3gicos ainda n\u00e3o chegaram \u00e0 toda a classe trabalhadora e \u00e0 base da pir\u00e2mide social .Eles apresentaram propostas a serem levadas \u00e0 Confer\u00eancia de Ci\u00eancia e Tecnologia<\/strong><\/p>\n<p><a href=\"https:\/\/sindticccba.org.br\/wp-content\/uploads\/2024\/04\/systemuploadsnewsf5015a6e982e4b0f1e8-700x460xfit-bea7f.jpeg\"><img loading=\"lazy\" decoding=\"async\" src=\"https:\/\/sindticccba.org.br\/wp-content\/uploads\/2024\/04\/systemuploadsnewsf5015a6e982e4b0f1e8-700x460xfit-bea7f-300x197.jpeg\" alt=\"\" width=\"300\" height=\"197\" class=\"alignnone size-medium wp-image-1503\" srcset=\"https:\/\/sindticccba.org.br\/wp-content\/uploads\/2024\/04\/systemuploadsnewsf5015a6e982e4b0f1e8-700x460xfit-bea7f-300x197.jpeg 300w, https:\/\/sindticccba.org.br\/wp-content\/uploads\/2024\/04\/systemuploadsnewsf5015a6e982e4b0f1e8-700x460xfit-bea7f-696x457.jpeg 696w, https:\/\/sindticccba.org.br\/wp-content\/uploads\/2024\/04\/systemuploadsnewsf5015a6e982e4b0f1e8-700x460xfit-bea7f.jpeg 700w\" sizes=\"auto, (max-width: 300px) 100vw, 300px\" \/><\/a><\/p>\n<p>Os impactos da inova\u00e7\u00e3o no mundo do trabalho e as possibilidades e desenvolvimento cient\u00edfico e tecnol\u00f3gico que gerem melhorias nas condi\u00e7\u00f5es de vida dos trabalhadores e das trabalhadoras foram debatidos pelo ministro do Trabalho e Emprego, Luiz Marinho, representantes do Minist\u00e9rio da Ci\u00eancia e Tecnologia, da CUT, demais centrais sindicais e do Departamento Intersindical de Estat\u00edstica e Estudos Socioecon\u00f4micos (Dieese), durante a  \u201cConfer\u00eancia CT&#038;I e o Mundo do Trabalho\u201d, realizada nesta sexta-feira (5), em  S\u00e3o Paulo. Veja abaixo algumas das diretrizes defendidas pelas centrais sindicais.<br \/>\nA presidenta do Dieese e Secret\u00e1ria de Comunica\u00e7\u00e3o da CUT Nacional, Maria Aparecida Faria, ressaltou a necessidade de se incluir nos debates sobre os avan\u00e7os tecnol\u00f3gicos e da intelig\u00eancia artificial, o mundo do trabalho. Para ela, \u00e9 imposs\u00edvel imaginar esses avan\u00e7os sem entender os impactos bons e os ruins que isso pode causar para a classe trabalhadora.<br \/>\n\u201c\u00c9 preciso discutir diretrizes para a regulamenta\u00e7\u00e3o da ci\u00eancia e da tecnologia de modo que, de fato ela seja aliada de uma grande parcela significativa da popula\u00e7\u00e3o, da classe trabalhadora, a base da pir\u00e2mide. \u00c9 importante o conhecimento, a forma\u00e7\u00e3o, a compreens\u00e3o desses avan\u00e7os tecnol\u00f3gicos, mas nada disso pode ser feito s\u00f3 para uma parcela da sociedade, e, por isso tem que ter tamb\u00e9m a classe trabalhadora participando desse processo\u201d, disse.<br \/>\nA preocupa\u00e7\u00e3o do Secret\u00e1rio-Geral da CUT Nacional, Renato Zulato, com os avan\u00e7os tecnol\u00f3gicos tamb\u00e9m se deve \u00e0 possibilidade de desemprego e da gera\u00e7\u00e3o de emprego que n\u00e3o seja decente, com direitos e oportunidades. Segundo ele, a CUT jamais ser\u00e1 contra as inova\u00e7\u00f5es tecnol\u00f3gicas, mas o que for novo e moderno t\u00eam que vir para dar prote\u00e7\u00e3o aos trabalhadores e para a sociedade em geral.<br \/>\n\u201cA CUT tem debatido cada tema seja que envolva os avan\u00e7os tecn\u00f3lgicos seja na educa\u00e7\u00e3o, na sa\u00fade ou na ind\u00fastria. Com certeza a CUT tem proposta. Ent\u00e3o, n\u00f3s estamos orientando os nossos dirigentes sindicais para participarem de todos os conselhos e em todos eles apresentar a proposta da CUT. Para isso foi feita uma proposta mais ampla e comum em acordo e unidade com as demais centrais sindicais. \u00c9 um documento que precisa de alguns ajustes que ser\u00e3o feitos para a gente possa apresent\u00e1-lo ao Minist\u00e9rio da Ci\u00eancia e Tecnologia\u201d, disse Zulato.<br \/>\nA secret\u00e1ria de Comunica\u00e7\u00e3o da CUT ressaltou ainda que a preocupa\u00e7\u00e3o da CUT e das demais centrais n\u00e3o \u00e9 apenas com o emprego do trabalhador, mas a forma que a tecnologia pode servir \u00e0 sociedade como um todo, e n\u00e3o apenas a uns poucos privilegiados.<br \/>\n\u201cQuando se pensa em inova\u00e7\u00e3o tecnol\u00f3gica, a gente pensa como que isso repercute para o meio ambiente, para a sociedade, para a agricultura, para as \u00e1guas, enfim, para que o povo tenha mais acesso e tenha uma melhor qualidade de vida, com melhor distribui\u00e7\u00e3o de renda\u201d, explica.<br \/>\nMat\u00e9ria no <a href=\"https:\/\/www.cut.org.br\/noticias\/cut-e-demais-centrais-defendem-a-insercao-do-trabalhador-nos-avancos-tecnologico-f501\">link.<\/a><\/p>\n","protected":false},"excerpt":{"rendered":"<p>Para os sindicalistas os avan\u00e7os tecnol\u00f3gicos ainda n\u00e3o chegaram \u00e0 toda a classe trabalhadora e \u00e0 base da pir\u00e2mide social .Eles apresentaram propostas a serem levadas \u00e0 Confer\u00eancia de Ci\u00eancia e Tecnologia Os impactos da inova\u00e7\u00e3o no mundo do trabalho e as possibilidades e desenvolvimento cient\u00edfico e tecnol\u00f3gico que gerem melhorias nas condi\u00e7\u00f5es de vida [&hellip;]<\/p>\n","protected":false},"author":4,"featured_media":1503,"comment_status":"closed","ping_status":"closed","sticky":false,"template":"","format":"standard","meta":{"footnotes":""},"categories":[1],"tags":[],"class_list":{"0":"post-1502","1":"post","2":"type-post","3":"status-publish","4":"format-standard","5":"has-post-thumbnail","7":"category-noticias"},"_links":{"self":[{"href":"https:\/\/sindticccba.org.br\/index.php\/wp-json\/wp\/v2\/posts\/1502","targetHints":{"allow":["GET"]}}],"collection":[{"href":"https:\/\/sindticccba.org.br\/index.php\/wp-json\/wp\/v2\/posts"}],"about":[{"href":"https:\/\/sindticccba.org.br\/index.php\/wp-json\/wp\/v2\/types\/post"}],"author":[{"embeddable":true,"href":"https:\/\/sindticccba.org.br\/index.php\/wp-json\/wp\/v2\/users\/4"}],"replies":[{"embeddable":true,"href":"https:\/\/sindticccba.org.br\/index.php\/wp-json\/wp\/v2\/comments?post=1502"}],"version-history":[{"count":1,"href":"https:\/\/sindticccba.org.br\/index.php\/wp-json\/wp\/v2\/posts\/1502\/revisions"}],"predecessor-version":[{"id":1504,"href":"https:\/\/sindticccba.org.br\/index.php\/wp-json\/wp\/v2\/posts\/1502\/revisions\/1504"}],"wp:featuredmedia":[{"embeddable":true,"href":"https:\/\/sindticccba.org.br\/index.php\/wp-json\/wp\/v2\/media\/1503"}],"wp:attachment":[{"href":"https:\/\/sindticccba.org.br\/index.php\/wp-json\/wp\/v2\/media?parent=1502"}],"wp:term":[{"taxonomy":"category","embeddable":true,"href":"https:\/\/sindticccba.org.br\/index.php\/wp-json\/wp\/v2\/categories?post=1502"},{"taxonomy":"post_tag","embeddable":true,"href":"https:\/\/sindticccba.org.br\/index.php\/wp-json\/wp\/v2\/tags?post=1502"}],"curies":[{"name":"wp","href":"https:\/\/api.w.org\/{rel}","templated":true}]}}