{"id":1480,"date":"2024-03-29T11:03:04","date_gmt":"2024-03-29T14:03:04","guid":{"rendered":"https:\/\/sindticccba.org.br\/?p=1480"},"modified":"2024-03-29T11:03:29","modified_gmt":"2024-03-29T14:03:29","slug":"parabens-salvador-capital-da-resistencia","status":"publish","type":"post","link":"https:\/\/sindticccba.org.br\/index.php\/2024\/03\/29\/parabens-salvador-capital-da-resistencia\/","title":{"rendered":"PARAB\u00c9NS, SALVADOR, CAPITAL DA RESIST\u00caNCIA"},"content":{"rendered":"<p>Hoje, 29 de mar\u00e7o, comemoramos os 275 anos da capital da magia, da cultura, do hero\u00edsmo e da resist\u00eancia.<br \/>\nParab\u00e9ns, Salvador. Parab\u00e9ns, soteropolitanos!<br \/>\n#Salvador475anos #S\u00f3ConquistaQuemLuta<\/p>\n<p><a href=\"https:\/\/sindticccba.org.br\/wp-content\/uploads\/2024\/03\/Salvador-475-anos.jpg\"><img loading=\"lazy\" decoding=\"async\" class=\" wp-image-1481 alignleft\" src=\"https:\/\/sindticccba.org.br\/wp-content\/uploads\/2024\/03\/Salvador-475-anos-300x300.jpg\" alt=\"\" width=\"399\" height=\"399\" srcset=\"https:\/\/sindticccba.org.br\/wp-content\/uploads\/2024\/03\/Salvador-475-anos-300x300.jpg 300w, https:\/\/sindticccba.org.br\/wp-content\/uploads\/2024\/03\/Salvador-475-anos-1022x1024.jpg 1022w, https:\/\/sindticccba.org.br\/wp-content\/uploads\/2024\/03\/Salvador-475-anos-150x150.jpg 150w, https:\/\/sindticccba.org.br\/wp-content\/uploads\/2024\/03\/Salvador-475-anos-768x769.jpg 768w, https:\/\/sindticccba.org.br\/wp-content\/uploads\/2024\/03\/Salvador-475-anos-696x697.jpg 696w, https:\/\/sindticccba.org.br\/wp-content\/uploads\/2024\/03\/Salvador-475-anos.jpg 1036w\" sizes=\"auto, (max-width: 399px) 100vw, 399px\" \/><\/a><\/p>\n","protected":false},"excerpt":{"rendered":"<p>Hoje, 29 de mar\u00e7o, comemoramos os 275 anos da capital da magia, da cultura, do hero\u00edsmo e da resist\u00eancia. Parab\u00e9ns, Salvador. Parab\u00e9ns, soteropolitanos! #Salvador475anos #S\u00f3ConquistaQuemLuta<\/p>\n","protected":false},"author":4,"featured_media":1481,"comment_status":"closed","ping_status":"closed","sticky":false,"template":"","format":"standard","meta":{"footnotes":""},"categories":[1],"tags":[],"class_list":{"0":"post-1480","1":"post","2":"type-post","3":"status-publish","4":"format-standard","5":"has-post-thumbnail","7":"category-noticias"},"_links":{"self":[{"href":"https:\/\/sindticccba.org.br\/index.php\/wp-json\/wp\/v2\/posts\/1480","targetHints":{"allow":["GET"]}}],"collection":[{"href":"https:\/\/sindticccba.org.br\/index.php\/wp-json\/wp\/v2\/posts"}],"about":[{"href":"https:\/\/sindticccba.org.br\/index.php\/wp-json\/wp\/v2\/types\/post"}],"author":[{"embeddable":true,"href":"https:\/\/sindticccba.org.br\/index.php\/wp-json\/wp\/v2\/users\/4"}],"replies":[{"embeddable":true,"href":"https:\/\/sindticccba.org.br\/index.php\/wp-json\/wp\/v2\/comments?post=1480"}],"version-history":[{"count":1,"href":"https:\/\/sindticccba.org.br\/index.php\/wp-json\/wp\/v2\/posts\/1480\/revisions"}],"predecessor-version":[{"id":1482,"href":"https:\/\/sindticccba.org.br\/index.php\/wp-json\/wp\/v2\/posts\/1480\/revisions\/1482"}],"wp:featuredmedia":[{"embeddable":true,"href":"https:\/\/sindticccba.org.br\/index.php\/wp-json\/wp\/v2\/media\/1481"}],"wp:attachment":[{"href":"https:\/\/sindticccba.org.br\/index.php\/wp-json\/wp\/v2\/media?parent=1480"}],"wp:term":[{"taxonomy":"category","embeddable":true,"href":"https:\/\/sindticccba.org.br\/index.php\/wp-json\/wp\/v2\/categories?post=1480"},{"taxonomy":"post_tag","embeddable":true,"href":"https:\/\/sindticccba.org.br\/index.php\/wp-json\/wp\/v2\/tags?post=1480"}],"curies":[{"name":"wp","href":"https:\/\/api.w.org\/{rel}","templated":true}]}}