{"id":1434,"date":"2024-03-17T12:21:43","date_gmt":"2024-03-17T15:21:43","guid":{"rendered":"https:\/\/sindticccba.org.br\/?p=1434"},"modified":"2024-03-17T12:31:36","modified_gmt":"2024-03-17T15:31:36","slug":"saldo-do-emprego-formal-dobra-em-janeiro-com-180-mil-vagas","status":"publish","type":"post","link":"https:\/\/sindticccba.org.br\/index.php\/2024\/03\/17\/saldo-do-emprego-formal-dobra-em-janeiro-com-180-mil-vagas\/","title":{"rendered":"Saldo do emprego formal dobra em janeiro, com 180 mil vagas"},"content":{"rendered":"<p><strong>Quase metade da vagas abertas veio do setor de servi\u00e7os. Estoque de postos de trabalho soma 45,7 milh\u00f5es<\/strong><\/p>\n<p><a href=\"https:\/\/sindticccba.org.br\/wp-content\/uploads\/2024\/03\/CTPS.jpg\"><img loading=\"lazy\" decoding=\"async\" class=\"alignnone size-medium wp-image-1435\" src=\"https:\/\/sindticccba.org.br\/wp-content\/uploads\/2024\/03\/CTPS-300x197.jpg\" alt=\"\" width=\"300\" height=\"197\" srcset=\"https:\/\/sindticccba.org.br\/wp-content\/uploads\/2024\/03\/CTPS-300x197.jpg 300w, https:\/\/sindticccba.org.br\/wp-content\/uploads\/2024\/03\/CTPS-696x457.jpg 696w, https:\/\/sindticccba.org.br\/wp-content\/uploads\/2024\/03\/CTPS.jpg 700w\" sizes=\"auto, (max-width: 300px) 100vw, 300px\" \/><\/a><\/p>\n<p>Em janeiro, foram abertos 180.395 postos de trabalho formais, segundo o \u201cnovo\u201d Caged (Cadastro Geral de Empregados e Desempregados), divulgado nesta sexta-feira (15) pelo Minist\u00e9rio do Trabalho e Emprego. O saldo entre admiss\u00f5es e demiss\u00f5es \u00e9 o dobro do registrado em igual m\u00eas do ano passado (90.031). No acumulado em 12 meses, foram criados 1.620.758 empregos com carteira.<br \/>\nCom isso, o estoque de empregos formais no pa\u00eds \u00e9 de 45.697.670. Entre os setores de atividade, o com\u00e9rcio (que inclui repara\u00e7\u00e3o de ve\u00edculos e motos) tem 10,2 milh\u00f5es, a ind\u00fastria de transforma\u00e7\u00e3o re\u00fane 7,9 milh\u00f5es, a constru\u00e7\u00e3o soma 2,8 milh\u00f5es e a agropecu\u00e1ria, 1,8 milh\u00e3o. Os servi\u00e7os se dividem em v\u00e1rios segmentos, como sa\u00fade humana e servi\u00e7os sociais (3 milh\u00f5es), transporte, armazenagem e correio (2,7 milh\u00f5es), alojamento e alimenta\u00e7\u00e3o (2,1 milh\u00f5es) e educa\u00e7\u00e3o (2 milh\u00f5es), entre outros.<br \/>\nSetores e sal\u00e1rios<br \/>\nApenas o setor de servi\u00e7os respondeu por 45% do saldo do m\u00eas, com abertura 80.587 vagas. Em seguida, vem a ind\u00fastria, com 67.029 postos de trabalho a mais. Na sequ\u00eancia, constru\u00e7\u00e3o civil (49.091) e agropecu\u00e1ria (21.900). J\u00e1 o com\u00e9rcio fechou 38.212 vagas.<br \/>\nSegundo os dados do MTE, o sal\u00e1rio m\u00e9dio de admiss\u00e3o foi R$ 2.118,33, com ganho real (acima da infla\u00e7\u00e3o) de 0,82%. J\u00e1 o sal\u00e1rio de quem foi demitido era um pouco maior: R$ 2.142,59. Al\u00e9m disso, no recorte por g\u00eanero, a remunera\u00e7\u00e3o dos homens admitidos, em janeiro, foi de R$ 2.206,66 e a das mulheres, R$ 1.990 \u2013 diferen\u00e7a de quase 11%.<br \/>\n<strong>Estoque da Rais cresce<\/strong><br \/>\nO ministro Luiz Marinho apresentou tamb\u00e9m os dados de 2022 da Rela\u00e7\u00e3o Anual de Informa\u00e7\u00f5es Sociais (Rais). O estoque de v\u00ednculos chegou a 52.790.864, mas os dados n\u00e3o s\u00e3o compar\u00e1veis com anos anteriores, porque houve mudan\u00e7a de metodologia. O eSocial passou a ser a nova fonte de dados. Dessa forma, do n\u00famero divulgado hoje, 48.728.871, corresponde \u00e0 quantidade de v\u00ednculos j\u00e1 existente, 2.266.347 representam o crescimento efetivo e 1.795.646 s\u00e3o relativos ao eSocial.<br \/>\nCom isso, aumenta a cobertura dispon\u00edvel. \u201cTrouxemos empresas pequenas que antes n\u00e3o apareciam em nenhum lugar e agora est\u00e3o na Rais\u201d, afirma a subsecret\u00e1ria de Assuntos Estat\u00edsticos do MTE, Paula Montagner.<br \/>\nAssim, do total de v\u00ednculos, 42.461.519 s\u00e3o celetistas e 8.632.663, estatut\u00e1rios. H\u00e1 ainda 1.705.662 classificados como aprendizes, tempor\u00e1rios, parcial ou intermitentes, entre outras fun\u00e7\u00f5es. A remunera\u00e7\u00e3o m\u00e9dia no pa\u00eds soma R$ 3.754,80 no ano.<\/p>\n","protected":false},"excerpt":{"rendered":"<p>Quase metade da vagas abertas veio do setor de servi\u00e7os. Estoque de postos de trabalho soma 45,7 milh\u00f5es Em janeiro, foram abertos 180.395 postos de trabalho formais, segundo o \u201cnovo\u201d Caged (Cadastro Geral de Empregados e Desempregados), divulgado nesta sexta-feira (15) pelo Minist\u00e9rio do Trabalho e Emprego. O saldo entre admiss\u00f5es e demiss\u00f5es \u00e9 o [&hellip;]<\/p>\n","protected":false},"author":4,"featured_media":1435,"comment_status":"closed","ping_status":"closed","sticky":false,"template":"","format":"standard","meta":{"footnotes":""},"categories":[1],"tags":[],"class_list":{"0":"post-1434","1":"post","2":"type-post","3":"status-publish","4":"format-standard","5":"has-post-thumbnail","7":"category-noticias"},"_links":{"self":[{"href":"https:\/\/sindticccba.org.br\/index.php\/wp-json\/wp\/v2\/posts\/1434","targetHints":{"allow":["GET"]}}],"collection":[{"href":"https:\/\/sindticccba.org.br\/index.php\/wp-json\/wp\/v2\/posts"}],"about":[{"href":"https:\/\/sindticccba.org.br\/index.php\/wp-json\/wp\/v2\/types\/post"}],"author":[{"embeddable":true,"href":"https:\/\/sindticccba.org.br\/index.php\/wp-json\/wp\/v2\/users\/4"}],"replies":[{"embeddable":true,"href":"https:\/\/sindticccba.org.br\/index.php\/wp-json\/wp\/v2\/comments?post=1434"}],"version-history":[{"count":3,"href":"https:\/\/sindticccba.org.br\/index.php\/wp-json\/wp\/v2\/posts\/1434\/revisions"}],"predecessor-version":[{"id":1441,"href":"https:\/\/sindticccba.org.br\/index.php\/wp-json\/wp\/v2\/posts\/1434\/revisions\/1441"}],"wp:featuredmedia":[{"embeddable":true,"href":"https:\/\/sindticccba.org.br\/index.php\/wp-json\/wp\/v2\/media\/1435"}],"wp:attachment":[{"href":"https:\/\/sindticccba.org.br\/index.php\/wp-json\/wp\/v2\/media?parent=1434"}],"wp:term":[{"taxonomy":"category","embeddable":true,"href":"https:\/\/sindticccba.org.br\/index.php\/wp-json\/wp\/v2\/categories?post=1434"},{"taxonomy":"post_tag","embeddable":true,"href":"https:\/\/sindticccba.org.br\/index.php\/wp-json\/wp\/v2\/tags?post=1434"}],"curies":[{"name":"wp","href":"https:\/\/api.w.org\/{rel}","templated":true}]}}