{"id":1424,"date":"2024-03-13T15:06:25","date_gmt":"2024-03-13T18:06:25","guid":{"rendered":"https:\/\/sindticccba.org.br\/?p=1424"},"modified":"2024-03-13T15:06:25","modified_gmt":"2024-03-13T18:06:25","slug":"lula-antecipa-13o-para-aposentados-do-inss-1a-parcela-sera-em-abril-e-2a-em-maio","status":"publish","type":"post","link":"https:\/\/sindticccba.org.br\/index.php\/2024\/03\/13\/lula-antecipa-13o-para-aposentados-do-inss-1a-parcela-sera-em-abril-e-2a-em-maio\/","title":{"rendered":"Lula antecipa 13\u00ba para aposentados do INSS; 1\u00aa parcela ser\u00e1 em abril e 2\u00aa, em maio"},"content":{"rendered":"<figure id=\"attachment_1425\" aria-describedby=\"caption-attachment-1425\" style=\"width: 300px\" class=\"wp-caption alignnone\"><img loading=\"lazy\" decoding=\"async\" class=\"size-medium wp-image-1425\" src=\"https:\/\/sindticccba.org.br\/wp-content\/uploads\/2024\/03\/lula-antecipacao-300x205.jpg\" alt=\"\" width=\"300\" height=\"205\" srcset=\"https:\/\/sindticccba.org.br\/wp-content\/uploads\/2024\/03\/lula-antecipacao-300x205.jpg 300w, https:\/\/sindticccba.org.br\/wp-content\/uploads\/2024\/03\/lula-antecipacao-768x525.jpg 768w, https:\/\/sindticccba.org.br\/wp-content\/uploads\/2024\/03\/lula-antecipacao-218x150.jpg 218w, https:\/\/sindticccba.org.br\/wp-content\/uploads\/2024\/03\/lula-antecipacao-696x476.jpg 696w, https:\/\/sindticccba.org.br\/wp-content\/uploads\/2024\/03\/lula-antecipacao.jpg 900w\" sizes=\"auto, (max-width: 300px) 100vw, 300px\" \/><figcaption id=\"caption-attachment-1425\" class=\"wp-caption-text\">Foto: Ricardo Stuckert\/Divulga\u00e7\u00e3o\/Arquivo<\/figcaption><\/figure>\n<p style=\"text-align: justify;\">O presidente da Rep\u00fablica, Luiz In\u00e1cio Lula da Silva, decidiu antecipar neste ano de 2024 o pagamento do 13\u00ba de segurados e dependentes da Previd\u00eancia Social. Decreto publicado no Di\u00e1rio Oficial da Uni\u00e3o (DOU) estabelece que o abono anual do Instituto Nacional do Seguro Social (INSS) ser\u00e1 pago em duas parcelas, a primeira em abril e a segunda em maio, ambas depositadas juntamente com os benef\u00edcios de cada uma dessas compet\u00eancias.<\/p>\n<p style=\"text-align: justify;\">Ter\u00e3o direito ao pagamento os benefici\u00e1rios que, durante o ano de 2024, tenham recebido aux\u00edlio por incapacidade tempor\u00e1ria, aux\u00edlio-acidente, aposentadoria, pens\u00e3o por morte ou aux\u00edlio-reclus\u00e3o.<\/p>\n<p style=\"text-align: justify;\">\u201cNa hip\u00f3tese de cessa\u00e7\u00e3o programada do benef\u00edcio antes de 31 de dezembro de 2024, ser\u00e1 pago o valor proporcional do abono anual ao benefici\u00e1rio\u201d, cita o decreto.<\/p>\n<p style=\"text-align: justify;\">A antecipa\u00e7\u00e3o do 13\u00ba para esse p\u00fablico tem sido adotada pelo governo federal nos \u00faltimos anos como uma estrat\u00e9gia para aquecer a economia.<\/p>\n<p style=\"text-align: justify;\">Antes dessa pr\u00e1tica, o pagamento ocorria geralmente no fim do ano, com parcelas nos meses de novembro e dezembro.<\/p>\n<p><span class=\"assinatura_exclusiva\" style=\"font-size: 8px;\">Luci Ribeiro\/Estad\u00e3o Conte\u00fado<\/span><\/p>\n","protected":false},"excerpt":{"rendered":"<p>O presidente da Rep\u00fablica, Luiz In\u00e1cio Lula da Silva, decidiu antecipar neste ano de 2024 o pagamento do 13\u00ba de segurados e dependentes da Previd\u00eancia Social. Decreto publicado no Di\u00e1rio Oficial da Uni\u00e3o (DOU) estabelece que o abono anual do Instituto Nacional do Seguro Social (INSS) ser\u00e1 pago em duas parcelas, a primeira em abril [&hellip;]<\/p>\n","protected":false},"author":2,"featured_media":1425,"comment_status":"closed","ping_status":"closed","sticky":false,"template":"","format":"standard","meta":{"footnotes":""},"categories":[1],"tags":[],"class_list":{"0":"post-1424","1":"post","2":"type-post","3":"status-publish","4":"format-standard","5":"has-post-thumbnail","7":"category-noticias"},"_links":{"self":[{"href":"https:\/\/sindticccba.org.br\/index.php\/wp-json\/wp\/v2\/posts\/1424","targetHints":{"allow":["GET"]}}],"collection":[{"href":"https:\/\/sindticccba.org.br\/index.php\/wp-json\/wp\/v2\/posts"}],"about":[{"href":"https:\/\/sindticccba.org.br\/index.php\/wp-json\/wp\/v2\/types\/post"}],"author":[{"embeddable":true,"href":"https:\/\/sindticccba.org.br\/index.php\/wp-json\/wp\/v2\/users\/2"}],"replies":[{"embeddable":true,"href":"https:\/\/sindticccba.org.br\/index.php\/wp-json\/wp\/v2\/comments?post=1424"}],"version-history":[{"count":1,"href":"https:\/\/sindticccba.org.br\/index.php\/wp-json\/wp\/v2\/posts\/1424\/revisions"}],"predecessor-version":[{"id":1426,"href":"https:\/\/sindticccba.org.br\/index.php\/wp-json\/wp\/v2\/posts\/1424\/revisions\/1426"}],"wp:featuredmedia":[{"embeddable":true,"href":"https:\/\/sindticccba.org.br\/index.php\/wp-json\/wp\/v2\/media\/1425"}],"wp:attachment":[{"href":"https:\/\/sindticccba.org.br\/index.php\/wp-json\/wp\/v2\/media?parent=1424"}],"wp:term":[{"taxonomy":"category","embeddable":true,"href":"https:\/\/sindticccba.org.br\/index.php\/wp-json\/wp\/v2\/categories?post=1424"},{"taxonomy":"post_tag","embeddable":true,"href":"https:\/\/sindticccba.org.br\/index.php\/wp-json\/wp\/v2\/tags?post=1424"}],"curies":[{"name":"wp","href":"https:\/\/api.w.org\/{rel}","templated":true}]}}