{"id":1400,"date":"2024-03-06T09:34:17","date_gmt":"2024-03-06T12:34:17","guid":{"rendered":"https:\/\/sindticccba.org.br\/?p=1400"},"modified":"2024-03-06T09:35:08","modified_gmt":"2024-03-06T12:35:08","slug":"apos-pressao-do-sindticcc-monsertec-vai-pagar-ppr-integral","status":"publish","type":"post","link":"https:\/\/sindticccba.org.br\/index.php\/2024\/03\/06\/apos-pressao-do-sindticcc-monsertec-vai-pagar-ppr-integral\/","title":{"rendered":"AP\u00d3S PRESS\u00c3O DO SINDTICCC, MONSERTEC VAI PAGAR PPR INTEGRAL"},"content":{"rendered":"<p><a href=\"https:\/\/sindticccba.org.br\/wp-content\/uploads\/2024\/03\/d0e0f2f9-2334-43fd-9a92-af89c7c298f9.jpg\"><img loading=\"lazy\" decoding=\"async\" src=\"https:\/\/sindticccba.org.br\/wp-content\/uploads\/2024\/03\/d0e0f2f9-2334-43fd-9a92-af89c7c298f9-300x225.jpg\" alt=\"\" width=\"300\" height=\"225\" class=\"alignnone size-medium wp-image-1401\" srcset=\"https:\/\/sindticccba.org.br\/wp-content\/uploads\/2024\/03\/d0e0f2f9-2334-43fd-9a92-af89c7c298f9-300x225.jpg 300w, https:\/\/sindticccba.org.br\/wp-content\/uploads\/2024\/03\/d0e0f2f9-2334-43fd-9a92-af89c7c298f9-1024x768.jpg 1024w, https:\/\/sindticccba.org.br\/wp-content\/uploads\/2024\/03\/d0e0f2f9-2334-43fd-9a92-af89c7c298f9-768x576.jpg 768w, https:\/\/sindticccba.org.br\/wp-content\/uploads\/2024\/03\/d0e0f2f9-2334-43fd-9a92-af89c7c298f9-1536x1152.jpg 1536w, https:\/\/sindticccba.org.br\/wp-content\/uploads\/2024\/03\/d0e0f2f9-2334-43fd-9a92-af89c7c298f9-696x522.jpg 696w, https:\/\/sindticccba.org.br\/wp-content\/uploads\/2024\/03\/d0e0f2f9-2334-43fd-9a92-af89c7c298f9-1068x801.jpg 1068w, https:\/\/sindticccba.org.br\/wp-content\/uploads\/2024\/03\/d0e0f2f9-2334-43fd-9a92-af89c7c298f9-265x198.jpg 265w, https:\/\/sindticccba.org.br\/wp-content\/uploads\/2024\/03\/d0e0f2f9-2334-43fd-9a92-af89c7c298f9.jpg 1600w\" sizes=\"auto, (max-width: 300px) 100vw, 300px\" \/><\/a><\/p>\n<p><a href=\"https:\/\/sindticccba.org.br\/wp-content\/uploads\/2024\/03\/4d1214d4-88cb-40ff-badf-8287d1153349.jpg\"><img loading=\"lazy\" decoding=\"async\" src=\"https:\/\/sindticccba.org.br\/wp-content\/uploads\/2024\/03\/4d1214d4-88cb-40ff-badf-8287d1153349-225x300.jpg\" alt=\"\" width=\"225\" height=\"300\" class=\"alignnone size-medium wp-image-1402\" srcset=\"https:\/\/sindticccba.org.br\/wp-content\/uploads\/2024\/03\/4d1214d4-88cb-40ff-badf-8287d1153349-225x300.jpg 225w, https:\/\/sindticccba.org.br\/wp-content\/uploads\/2024\/03\/4d1214d4-88cb-40ff-badf-8287d1153349-768x1024.jpg 768w, https:\/\/sindticccba.org.br\/wp-content\/uploads\/2024\/03\/4d1214d4-88cb-40ff-badf-8287d1153349-1152x1536.jpg 1152w, https:\/\/sindticccba.org.br\/wp-content\/uploads\/2024\/03\/4d1214d4-88cb-40ff-badf-8287d1153349-696x928.jpg 696w, https:\/\/sindticccba.org.br\/wp-content\/uploads\/2024\/03\/4d1214d4-88cb-40ff-badf-8287d1153349-1068x1424.jpg 1068w, https:\/\/sindticccba.org.br\/wp-content\/uploads\/2024\/03\/4d1214d4-88cb-40ff-badf-8287d1153349.jpg 1200w\" sizes=\"auto, (max-width: 225px) 100vw, 225px\" \/><\/a><br \/>\nValeu a luta, valeu a press\u00e3o, valeu a resposta r\u00e1pida e contundente do Sindticcc. Ap\u00f3s a forte rea\u00e7\u00e3o do sindicato e da categoria \u00e0 tentativa da Monsertec de parcelar o pagamento da Participa\u00e7\u00e3o nos Resultados (PPR), a empresa voltou atr\u00e1s e vai pagar o valor integralmente, conforme estabelece a Cl\u00e1usula 6\u00aa do Anexo I da nossa CCT.<br \/>\nIsso \u00e9 resultado direto da atua\u00e7\u00e3o firme do nosso sindicato de luta, que nunca dorme em defesa dos trabalhadores e trabalhadoras.<br \/>\nHoje pela manh\u00e3 foi realizada uma assembleia com os empregados da Monsertec, da base do Sindticcc, na qual a categoria demonstrou seu rep\u00fadio \u00e0 proposta de parcelamento da PPR.<br \/>\nDireito \u00e9 para ser cumprido. Juntos somos mais fortes. S\u00f3 conquista quem luta! <\/p>\n","protected":false},"excerpt":{"rendered":"<p>Valeu a luta, valeu a press\u00e3o, valeu a resposta r\u00e1pida e contundente do Sindticcc. Ap\u00f3s a forte rea\u00e7\u00e3o do sindicato e da categoria \u00e0 tentativa da Monsertec de parcelar o pagamento da Participa\u00e7\u00e3o nos Resultados (PPR), a empresa voltou atr\u00e1s e vai pagar o valor integralmente, conforme estabelece a Cl\u00e1usula 6\u00aa do Anexo I da [&hellip;]<\/p>\n","protected":false},"author":4,"featured_media":1402,"comment_status":"closed","ping_status":"closed","sticky":false,"template":"","format":"standard","meta":{"footnotes":""},"categories":[1],"tags":[],"class_list":{"0":"post-1400","1":"post","2":"type-post","3":"status-publish","4":"format-standard","5":"has-post-thumbnail","7":"category-noticias"},"_links":{"self":[{"href":"https:\/\/sindticccba.org.br\/index.php\/wp-json\/wp\/v2\/posts\/1400","targetHints":{"allow":["GET"]}}],"collection":[{"href":"https:\/\/sindticccba.org.br\/index.php\/wp-json\/wp\/v2\/posts"}],"about":[{"href":"https:\/\/sindticccba.org.br\/index.php\/wp-json\/wp\/v2\/types\/post"}],"author":[{"embeddable":true,"href":"https:\/\/sindticccba.org.br\/index.php\/wp-json\/wp\/v2\/users\/4"}],"replies":[{"embeddable":true,"href":"https:\/\/sindticccba.org.br\/index.php\/wp-json\/wp\/v2\/comments?post=1400"}],"version-history":[{"count":1,"href":"https:\/\/sindticccba.org.br\/index.php\/wp-json\/wp\/v2\/posts\/1400\/revisions"}],"predecessor-version":[{"id":1403,"href":"https:\/\/sindticccba.org.br\/index.php\/wp-json\/wp\/v2\/posts\/1400\/revisions\/1403"}],"wp:featuredmedia":[{"embeddable":true,"href":"https:\/\/sindticccba.org.br\/index.php\/wp-json\/wp\/v2\/media\/1402"}],"wp:attachment":[{"href":"https:\/\/sindticccba.org.br\/index.php\/wp-json\/wp\/v2\/media?parent=1400"}],"wp:term":[{"taxonomy":"category","embeddable":true,"href":"https:\/\/sindticccba.org.br\/index.php\/wp-json\/wp\/v2\/categories?post=1400"},{"taxonomy":"post_tag","embeddable":true,"href":"https:\/\/sindticccba.org.br\/index.php\/wp-json\/wp\/v2\/tags?post=1400"}],"curies":[{"name":"wp","href":"https:\/\/api.w.org\/{rel}","templated":true}]}}