{"id":1392,"date":"2024-03-05T19:19:44","date_gmt":"2024-03-05T22:19:44","guid":{"rendered":"https:\/\/sindticccba.org.br\/?p=1392"},"modified":"2024-03-05T19:24:51","modified_gmt":"2024-03-05T22:24:51","slug":"agora-e-oficial-byd-vai-iniciar-obras-de-sua-fabrica-em-camacari","status":"publish","type":"post","link":"https:\/\/sindticccba.org.br\/index.php\/2024\/03\/05\/agora-e-oficial-byd-vai-iniciar-obras-de-sua-fabrica-em-camacari\/","title":{"rendered":"AGORA \u00c9 OFICIAL: BYD VAI INICIAR OBRAS DE SUA F\u00c1BRICA EM CAMA\u00c7ARI"},"content":{"rendered":"<figure id=\"attachment_1393\" aria-describedby=\"caption-attachment-1393\" style=\"width: 169px\" class=\"wp-caption alignleft\"><a href=\"https:\/\/sindticccba.org.br\/wp-content\/uploads\/2024\/03\/WhatsApp-Image-2024-03-05-at-16.09.55-2.jpeg\"><img loading=\"lazy\" decoding=\"async\" class=\"size-medium wp-image-1393\" src=\"https:\/\/sindticccba.org.br\/wp-content\/uploads\/2024\/03\/WhatsApp-Image-2024-03-05-at-16.09.55-2-169x300.jpeg\" alt=\"\" width=\"169\" height=\"300\" srcset=\"https:\/\/sindticccba.org.br\/wp-content\/uploads\/2024\/03\/WhatsApp-Image-2024-03-05-at-16.09.55-2-169x300.jpeg 169w, https:\/\/sindticccba.org.br\/wp-content\/uploads\/2024\/03\/WhatsApp-Image-2024-03-05-at-16.09.55-2-576x1024.jpeg 576w, https:\/\/sindticccba.org.br\/wp-content\/uploads\/2024\/03\/WhatsApp-Image-2024-03-05-at-16.09.55-2-768x1366.jpeg 768w, https:\/\/sindticccba.org.br\/wp-content\/uploads\/2024\/03\/WhatsApp-Image-2024-03-05-at-16.09.55-2-864x1536.jpeg 864w, https:\/\/sindticccba.org.br\/wp-content\/uploads\/2024\/03\/WhatsApp-Image-2024-03-05-at-16.09.55-2-696x1238.jpeg 696w, https:\/\/sindticccba.org.br\/wp-content\/uploads\/2024\/03\/WhatsApp-Image-2024-03-05-at-16.09.55-2.jpeg 899w\" sizes=\"auto, (max-width: 169px) 100vw, 169px\" \/><\/a><figcaption id=\"caption-attachment-1393\" class=\"wp-caption-text\">Sindticcc participa de evento que oficializa transfer\u00eancia da \u00e1rea para instala\u00e7\u00e3o da f\u00e1brica da BYD em Cama\u00e7ari<\/figcaption><\/figure>\n<p>Hoje foi um dia marcante para Cama\u00e7ari e regi\u00e3o, com a assinatura e oficializa\u00e7\u00e3o do contrato de compra e venda da \u00e1rea do complexo da antiga Ford pela empresa chinesa BYD, para a instala\u00e7\u00e3o de sua f\u00e1brica de ve\u00edculos el\u00e9tricos, a primeira do Brasil. O Sindticcc marcou presen\u00e7a no evento, que teve a participa\u00e7\u00e3o do governador Jer\u00f4nimo Rodrigues, autoridades e convidados. A partir de agora come\u00e7am as obras de constru\u00e7\u00e3o da unidade fabril da BYD, que vai gerar milhares de empregos diretos e indiretos, e dinamizar a economia de toda a regi\u00e3o.<br \/>\n@SindticcNaPista<\/p>\n<p>&nbsp;<\/p>\n<p>&nbsp;<\/p>\n<p><a href=\"https:\/\/sindticccba.org.br\/wp-content\/uploads\/2024\/03\/WhatsApp-Image-2024-03-05-at-16.09.53.jpeg\"><img loading=\"lazy\" decoding=\"async\" class=\"alignnone size-medium wp-image-1394\" src=\"https:\/\/sindticccba.org.br\/wp-content\/uploads\/2024\/03\/WhatsApp-Image-2024-03-05-at-16.09.53-225x300.jpeg\" alt=\"\" width=\"225\" height=\"300\" srcset=\"https:\/\/sindticccba.org.br\/wp-content\/uploads\/2024\/03\/WhatsApp-Image-2024-03-05-at-16.09.53-225x300.jpeg 225w, https:\/\/sindticccba.org.br\/wp-content\/uploads\/2024\/03\/WhatsApp-Image-2024-03-05-at-16.09.53-768x1024.jpeg 768w, https:\/\/sindticccba.org.br\/wp-content\/uploads\/2024\/03\/WhatsApp-Image-2024-03-05-at-16.09.53-1152x1536.jpeg 1152w, https:\/\/sindticccba.org.br\/wp-content\/uploads\/2024\/03\/WhatsApp-Image-2024-03-05-at-16.09.53-696x928.jpeg 696w, https:\/\/sindticccba.org.br\/wp-content\/uploads\/2024\/03\/WhatsApp-Image-2024-03-05-at-16.09.53-1068x1424.jpeg 1068w, https:\/\/sindticccba.org.br\/wp-content\/uploads\/2024\/03\/WhatsApp-Image-2024-03-05-at-16.09.53.jpeg 1200w\" sizes=\"auto, (max-width: 225px) 100vw, 225px\" \/><\/a><a href=\"https:\/\/sindticccba.org.br\/wp-content\/uploads\/2024\/03\/WhatsApp-Image-2024-03-05-at-16.09.54-3.jpeg\"><img loading=\"lazy\" decoding=\"async\" class=\"alignnone size-medium wp-image-1395\" src=\"https:\/\/sindticccba.org.br\/wp-content\/uploads\/2024\/03\/WhatsApp-Image-2024-03-05-at-16.09.54-3-225x300.jpeg\" alt=\"\" width=\"225\" height=\"300\" srcset=\"https:\/\/sindticccba.org.br\/wp-content\/uploads\/2024\/03\/WhatsApp-Image-2024-03-05-at-16.09.54-3-225x300.jpeg 225w, https:\/\/sindticccba.org.br\/wp-content\/uploads\/2024\/03\/WhatsApp-Image-2024-03-05-at-16.09.54-3-768x1024.jpeg 768w, https:\/\/sindticccba.org.br\/wp-content\/uploads\/2024\/03\/WhatsApp-Image-2024-03-05-at-16.09.54-3-1152x1536.jpeg 1152w, https:\/\/sindticccba.org.br\/wp-content\/uploads\/2024\/03\/WhatsApp-Image-2024-03-05-at-16.09.54-3-696x928.jpeg 696w, https:\/\/sindticccba.org.br\/wp-content\/uploads\/2024\/03\/WhatsApp-Image-2024-03-05-at-16.09.54-3-1068x1424.jpeg 1068w, https:\/\/sindticccba.org.br\/wp-content\/uploads\/2024\/03\/WhatsApp-Image-2024-03-05-at-16.09.54-3.jpeg 1200w\" sizes=\"auto, (max-width: 225px) 100vw, 225px\" \/><\/a><\/p>\n<p>&nbsp;<\/p>\n","protected":false},"excerpt":{"rendered":"<p>Hoje foi um dia marcante para Cama\u00e7ari e regi\u00e3o, com a assinatura e oficializa\u00e7\u00e3o do contrato de compra e venda da \u00e1rea do complexo da antiga Ford pela empresa chinesa BYD, para a instala\u00e7\u00e3o de sua f\u00e1brica de ve\u00edculos el\u00e9tricos, a primeira do Brasil. O Sindticcc marcou presen\u00e7a no evento, que teve a participa\u00e7\u00e3o do [&hellip;]<\/p>\n","protected":false},"author":4,"featured_media":1393,"comment_status":"closed","ping_status":"closed","sticky":false,"template":"","format":"standard","meta":{"footnotes":""},"categories":[1],"tags":[],"class_list":{"0":"post-1392","1":"post","2":"type-post","3":"status-publish","4":"format-standard","5":"has-post-thumbnail","7":"category-noticias"},"_links":{"self":[{"href":"https:\/\/sindticccba.org.br\/index.php\/wp-json\/wp\/v2\/posts\/1392","targetHints":{"allow":["GET"]}}],"collection":[{"href":"https:\/\/sindticccba.org.br\/index.php\/wp-json\/wp\/v2\/posts"}],"about":[{"href":"https:\/\/sindticccba.org.br\/index.php\/wp-json\/wp\/v2\/types\/post"}],"author":[{"embeddable":true,"href":"https:\/\/sindticccba.org.br\/index.php\/wp-json\/wp\/v2\/users\/4"}],"replies":[{"embeddable":true,"href":"https:\/\/sindticccba.org.br\/index.php\/wp-json\/wp\/v2\/comments?post=1392"}],"version-history":[{"count":4,"href":"https:\/\/sindticccba.org.br\/index.php\/wp-json\/wp\/v2\/posts\/1392\/revisions"}],"predecessor-version":[{"id":1399,"href":"https:\/\/sindticccba.org.br\/index.php\/wp-json\/wp\/v2\/posts\/1392\/revisions\/1399"}],"wp:featuredmedia":[{"embeddable":true,"href":"https:\/\/sindticccba.org.br\/index.php\/wp-json\/wp\/v2\/media\/1393"}],"wp:attachment":[{"href":"https:\/\/sindticccba.org.br\/index.php\/wp-json\/wp\/v2\/media?parent=1392"}],"wp:term":[{"taxonomy":"category","embeddable":true,"href":"https:\/\/sindticccba.org.br\/index.php\/wp-json\/wp\/v2\/categories?post=1392"},{"taxonomy":"post_tag","embeddable":true,"href":"https:\/\/sindticccba.org.br\/index.php\/wp-json\/wp\/v2\/tags?post=1392"}],"curies":[{"name":"wp","href":"https:\/\/api.w.org\/{rel}","templated":true}]}}