{"id":1364,"date":"2024-03-01T12:56:40","date_gmt":"2024-03-01T15:56:40","guid":{"rendered":"https:\/\/sindticccba.org.br\/?p=1364"},"modified":"2024-03-01T12:56:46","modified_gmt":"2024-03-01T15:56:46","slug":"ler-dort-direitos-sao-garantidos-se-comprovada-a-relacao-da-lesao-com-o-trabalho","status":"publish","type":"post","link":"https:\/\/sindticccba.org.br\/index.php\/2024\/03\/01\/ler-dort-direitos-sao-garantidos-se-comprovada-a-relacao-da-lesao-com-o-trabalho\/","title":{"rendered":"LER\/Dort: direitos s\u00e3o garantidos se comprovada a rela\u00e7\u00e3o da les\u00e3o com o trabalho"},"content":{"rendered":"<p><strong>28 de fevereiro \u00e9 o Dia Internacional de Combate \u00e0s LER\/Dort. Todos os anos, doen\u00e7a ataca milhares de trabalhadores por condi\u00e7\u00f5es inadequadas de trabalho<\/strong><\/p>\n<p><a href=\"https:\/\/sindticccba.org.br\/wp-content\/uploads\/2024\/03\/LER.jpg\"><img loading=\"lazy\" decoding=\"async\" src=\"https:\/\/sindticccba.org.br\/wp-content\/uploads\/2024\/03\/LER-300x197.jpg\" alt=\"\" width=\"300\" height=\"197\" class=\"alignnone size-medium wp-image-1365\" srcset=\"https:\/\/sindticccba.org.br\/wp-content\/uploads\/2024\/03\/LER-300x197.jpg 300w, https:\/\/sindticccba.org.br\/wp-content\/uploads\/2024\/03\/LER-696x457.jpg 696w, https:\/\/sindticccba.org.br\/wp-content\/uploads\/2024\/03\/LER.jpg 700w\" sizes=\"auto, (max-width: 300px) 100vw, 300px\" \/><\/a><\/p>\n<p>Classificado como um dos motivos que mais afastam trabalhadores pelo Instituto Nacional do Seguro Social (INSS), o diagn\u00f3stico de les\u00f5es por esfor\u00e7os repetitivos e de dist\u00farbios osteomusculares relacionados ao trabalho (LER\/Dort), afeta mais de 30 mil pessoas por ano no Brasil.<br \/>\nInforma\u00e7\u00f5es mais recentes mostram que em 2021 foram 31,1 mil casos. Os dados ganham destaque neste dia 28 de fevereiro, Dia Internacional de Combate \u00e0s LER\/DORT. A incid\u00eancia de casos tem origem desde condi\u00e7\u00f5es inadequadas, falta de ergonomia at\u00e9 excesso de demanda aos trabalhadores. A press\u00e3o psicol\u00f3gica tamb\u00e9m \u00e9 fator de desencadeamento dessas patologias.<br \/>\n\u201cO trabalho \u00e9 um direito humano fundamental. Dessa forma, n\u00e3o podemos aceitar que trabalhadores sejam explorados a todo custo em nome do lucro e que, em decorr\u00eancia disso, adoe\u00e7am e morram\u201d diz a secret\u00e1ria nacional de Sa\u00fade do Trabalhador da CUT, Josivania Ribeiro Cruz Souza.<br \/>\n\u201cNosso lema \u00e9 trabalhar sim, adoecer e morrer n\u00e3o; por conta do trabalho n\u00e3o! Por isso, neste dia chamamos ate\u00e7\u00e3o para as a\u00e7\u00f5es de combate a LER \/Dort\u201d, refor\u00e7a a dirigente.<br \/>\nAtua\u00e7\u00e3o e luta<br \/>\nPor ser uma das doen\u00e7as que mais afasta trabalhadores, a miss\u00e3o da CUT, de acordo com Josivania, \u00e9 atuar para que sejam garantidas \u00e0s condi\u00e7\u00f5es adequadas de trabalho. \u201c\u00c9 obriga\u00e7\u00e3o da empresa oferecer toda a estrutura f\u00edsica e material adequada ergonomicamente para que a tarefa seja realizada de forma adequada e segura\u201d, diz a dirigente.<br \/>\nNa luta pelo combate a LER\/Dort, a Central vem intensificando a luta pela implementa\u00e7\u00e3o das a\u00e7\u00f5es de promo\u00e7\u00e3o, prote\u00e7\u00e3o e vigil\u00e2ncia da sa\u00fade dos trabalhadores e trabalhadoras.<br \/>\n\u201cEsta \u00e9 uma luta constante da CUT, pois, com as transforma\u00e7\u00f5es no mundo do trabalho, t\u00eam sido intensas as queixas com intensifica\u00e7\u00e3o do r\u00edtimo e intensidade do trabalho\u201d afirma a dirigente.<br \/>\nLeia mat\u00e9ria no <a href=\"https:\/\/www.cut.org.br\/noticias\/ler-dort-direitos-sao-garantidos-se-comprovada-a-relacao-da-lesao-com-o-trabalho-0380\">link.<\/a><\/p>\n","protected":false},"excerpt":{"rendered":"<p>28 de fevereiro \u00e9 o Dia Internacional de Combate \u00e0s LER\/Dort. Todos os anos, doen\u00e7a ataca milhares de trabalhadores por condi\u00e7\u00f5es inadequadas de trabalho Classificado como um dos motivos que mais afastam trabalhadores pelo Instituto Nacional do Seguro Social (INSS), o diagn\u00f3stico de les\u00f5es por esfor\u00e7os repetitivos e de dist\u00farbios osteomusculares relacionados ao trabalho (LER\/Dort), [&hellip;]<\/p>\n","protected":false},"author":4,"featured_media":1365,"comment_status":"closed","ping_status":"closed","sticky":false,"template":"","format":"standard","meta":{"footnotes":""},"categories":[1],"tags":[],"class_list":{"0":"post-1364","1":"post","2":"type-post","3":"status-publish","4":"format-standard","5":"has-post-thumbnail","7":"category-noticias"},"_links":{"self":[{"href":"https:\/\/sindticccba.org.br\/index.php\/wp-json\/wp\/v2\/posts\/1364","targetHints":{"allow":["GET"]}}],"collection":[{"href":"https:\/\/sindticccba.org.br\/index.php\/wp-json\/wp\/v2\/posts"}],"about":[{"href":"https:\/\/sindticccba.org.br\/index.php\/wp-json\/wp\/v2\/types\/post"}],"author":[{"embeddable":true,"href":"https:\/\/sindticccba.org.br\/index.php\/wp-json\/wp\/v2\/users\/4"}],"replies":[{"embeddable":true,"href":"https:\/\/sindticccba.org.br\/index.php\/wp-json\/wp\/v2\/comments?post=1364"}],"version-history":[{"count":1,"href":"https:\/\/sindticccba.org.br\/index.php\/wp-json\/wp\/v2\/posts\/1364\/revisions"}],"predecessor-version":[{"id":1366,"href":"https:\/\/sindticccba.org.br\/index.php\/wp-json\/wp\/v2\/posts\/1364\/revisions\/1366"}],"wp:featuredmedia":[{"embeddable":true,"href":"https:\/\/sindticccba.org.br\/index.php\/wp-json\/wp\/v2\/media\/1365"}],"wp:attachment":[{"href":"https:\/\/sindticccba.org.br\/index.php\/wp-json\/wp\/v2\/media?parent=1364"}],"wp:term":[{"taxonomy":"category","embeddable":true,"href":"https:\/\/sindticccba.org.br\/index.php\/wp-json\/wp\/v2\/categories?post=1364"},{"taxonomy":"post_tag","embeddable":true,"href":"https:\/\/sindticccba.org.br\/index.php\/wp-json\/wp\/v2\/tags?post=1364"}],"curies":[{"name":"wp","href":"https:\/\/api.w.org\/{rel}","templated":true}]}}