{"id":1358,"date":"2024-03-01T09:36:44","date_gmt":"2024-03-01T12:36:44","guid":{"rendered":"https:\/\/sindticccba.org.br\/?p=1358"},"modified":"2024-03-01T09:36:44","modified_gmt":"2024-03-01T12:36:44","slug":"economia-brasileira-cresce-29-em-2023","status":"publish","type":"post","link":"https:\/\/sindticccba.org.br\/index.php\/2024\/03\/01\/economia-brasileira-cresce-29-em-2023\/","title":{"rendered":"Economia brasileira cresce 2,9% em 2023"},"content":{"rendered":"<figure id=\"attachment_1359\" aria-describedby=\"caption-attachment-1359\" style=\"width: 300px\" class=\"wp-caption alignnone\"><img loading=\"lazy\" decoding=\"async\" class=\"size-medium wp-image-1359\" src=\"https:\/\/sindticccba.org.br\/wp-content\/uploads\/2024\/03\/economia_ilustracao-2-900x615-1-300x205.jpg\" alt=\"\" width=\"300\" height=\"205\" srcset=\"https:\/\/sindticccba.org.br\/wp-content\/uploads\/2024\/03\/economia_ilustracao-2-900x615-1-300x205.jpg 300w, https:\/\/sindticccba.org.br\/wp-content\/uploads\/2024\/03\/economia_ilustracao-2-900x615-1-768x525.jpg 768w, https:\/\/sindticccba.org.br\/wp-content\/uploads\/2024\/03\/economia_ilustracao-2-900x615-1-218x150.jpg 218w, https:\/\/sindticccba.org.br\/wp-content\/uploads\/2024\/03\/economia_ilustracao-2-900x615-1-696x476.jpg 696w, https:\/\/sindticccba.org.br\/wp-content\/uploads\/2024\/03\/economia_ilustracao-2-900x615-1.jpg 900w\" sizes=\"auto, (max-width: 300px) 100vw, 300px\" \/><figcaption id=\"caption-attachment-1359\" class=\"wp-caption-text\">Foto: Marcello Casal Jr.\/Arquivo\/Ag\u00eancia Brasil<\/figcaption><\/figure>\n<p style=\"text-align: justify;\">A economia brasileira encerrou 2023, primeiro ano do terceiro mandato de Lula, estagnada, mas os bons resultados dos primeiros trimestres contribu\u00edram para um crescimento do Produto Interno Bruto (PIB) de 2,9% no ano passado. O n\u00famero foi divulgado nesta sexta-feira, 1\u00ba, pelo Instituto Brasileiro de Geografia e Estat\u00edstica (IBGE).<\/p>\n<p style=\"text-align: justify;\">O n\u00famero fechado do crescimento 2023 surpreendeu positivamente. No in\u00edcio do ano, as previs\u00f5es dos analistas para o desempenho da economia eram bem mais modestas. N\u00e3o passavam de um crescimento de 1%. Se essas proje\u00e7\u00f5es se confirmassem, apontariam para uma desacelera\u00e7\u00e3o relevante em rela\u00e7\u00e3o a 2022, quando o PIB avan\u00e7ou 3%.<\/p>\n<p style=\"text-align: justify;\">\u201cO ano de 2023 terminou bem melhor do que se imaginava\u201d, afirma Alessandra Ribeiro, economista e s\u00f3cia da consultoria Tend\u00eancias.<\/p>\n<p style=\"text-align: justify;\">O resultado do PIB do ano passado ficou dentro do esperado pelos analistas ouvidos pelo Proje\u00e7\u00f5es Broadcast, cujo intervalo variava de alta de 2,8% a 3,2%. Mas veio um pouco abaixo da mediana das previs\u00f5es, que era de recuo de 3%<\/p>\n<p style=\"text-align: justify;\"><span class=\"assinatura_exclusiva\" style=\"font-size: 8px;\">Luiz Guilherme Gerbelli\/Estad\u00e3o Conte\u00fado<\/span><\/p>\n","protected":false},"excerpt":{"rendered":"<p>A economia brasileira encerrou 2023, primeiro ano do terceiro mandato de Lula, estagnada, mas os bons resultados dos primeiros trimestres contribu\u00edram para um crescimento do Produto Interno Bruto (PIB) de 2,9% no ano passado. O n\u00famero foi divulgado nesta sexta-feira, 1\u00ba, pelo Instituto Brasileiro de Geografia e Estat\u00edstica (IBGE). O n\u00famero fechado do crescimento 2023 [&hellip;]<\/p>\n","protected":false},"author":2,"featured_media":1359,"comment_status":"closed","ping_status":"closed","sticky":false,"template":"","format":"standard","meta":{"footnotes":""},"categories":[1],"tags":[],"class_list":{"0":"post-1358","1":"post","2":"type-post","3":"status-publish","4":"format-standard","5":"has-post-thumbnail","7":"category-noticias"},"_links":{"self":[{"href":"https:\/\/sindticccba.org.br\/index.php\/wp-json\/wp\/v2\/posts\/1358","targetHints":{"allow":["GET"]}}],"collection":[{"href":"https:\/\/sindticccba.org.br\/index.php\/wp-json\/wp\/v2\/posts"}],"about":[{"href":"https:\/\/sindticccba.org.br\/index.php\/wp-json\/wp\/v2\/types\/post"}],"author":[{"embeddable":true,"href":"https:\/\/sindticccba.org.br\/index.php\/wp-json\/wp\/v2\/users\/2"}],"replies":[{"embeddable":true,"href":"https:\/\/sindticccba.org.br\/index.php\/wp-json\/wp\/v2\/comments?post=1358"}],"version-history":[{"count":1,"href":"https:\/\/sindticccba.org.br\/index.php\/wp-json\/wp\/v2\/posts\/1358\/revisions"}],"predecessor-version":[{"id":1360,"href":"https:\/\/sindticccba.org.br\/index.php\/wp-json\/wp\/v2\/posts\/1358\/revisions\/1360"}],"wp:featuredmedia":[{"embeddable":true,"href":"https:\/\/sindticccba.org.br\/index.php\/wp-json\/wp\/v2\/media\/1359"}],"wp:attachment":[{"href":"https:\/\/sindticccba.org.br\/index.php\/wp-json\/wp\/v2\/media?parent=1358"}],"wp:term":[{"taxonomy":"category","embeddable":true,"href":"https:\/\/sindticccba.org.br\/index.php\/wp-json\/wp\/v2\/categories?post=1358"},{"taxonomy":"post_tag","embeddable":true,"href":"https:\/\/sindticccba.org.br\/index.php\/wp-json\/wp\/v2\/tags?post=1358"}],"curies":[{"name":"wp","href":"https:\/\/api.w.org\/{rel}","templated":true}]}}