{"id":1341,"date":"2024-02-28T10:21:17","date_gmt":"2024-02-28T13:21:17","guid":{"rendered":"https:\/\/sindticccba.org.br\/?p=1341"},"modified":"2024-02-28T10:23:59","modified_gmt":"2024-02-28T13:23:59","slug":"condenado-pelo-assassinato-de-chico-mendes-assume-presidencia-do-pl-em-cidade-no-para","status":"publish","type":"post","link":"https:\/\/sindticccba.org.br\/index.php\/2024\/02\/28\/condenado-pelo-assassinato-de-chico-mendes-assume-presidencia-do-pl-em-cidade-no-para\/","title":{"rendered":"Condenado pelo assassinato de Chico Mendes assume presid\u00eancia do PL em cidade no Par\u00e1"},"content":{"rendered":"<p><strong>Darci Alves Pereira tomou posse no final de janeiro. \u201cN\u00e3o me surpreende, mas n\u00e3o deixo de ficar triste\u201d, diz filha do sindicalista<\/strong><\/p>\n<p><img loading=\"lazy\" decoding=\"async\" src=\"https:\/\/www.redebrasilatual.com.br\/wp-content\/uploads\/2024\/02\/mendes.jpg\" width=\"1200\" height=\"754\" class=\"alignnone size-medium\" \/><\/p>\n<p>((O)) Eco \u2013 Darci Alves Pereira, r\u00e9u confesso, condenado em 1990 a 19 anos de pris\u00e3o pelo assassinato de Chico Mendes, \u00e9 o novo presidente do Partido Liberal (PL), partido de Jair Bolsonaro, em Medicil\u00e2ndia, cidade de cerca de 32 mil habitantes no oeste paraense. Pereira tomou posse no final de janeiro.<br \/>\nDocumento obtido por ((o))eco junto ao Tribunal Superior Eleitoral (TSE) indica que a composi\u00e7\u00e3o da nova diretoria do PL em Medicil\u00e2ndia foi formalizada na Justi\u00e7a Eleitoral em 27 de novembro de 2023.<br \/>\nA cerim\u00f4nia de posse, no entanto, aconteceu somente no dia 26 de janeiro de 2024. O evento, realizado na C\u00e2mara de Vereadores da cidade, contou com a presen\u00e7a do deputado estadual Rog\u00e9rio Barra, secret\u00e1rio-executivo do PL no estado do Par\u00e1 e de quem Darci Alves Pereira \u00e9 afilhado pol\u00edtico.<br \/>\nLeia mat\u00e9ria no <a href=\"https:\/\/www.redebrasilatual.com.br\/cidadania\/condenado-pelo-assassinato-de-chico-mendes-assume-presidencia-do-pl-em-cidade-no-para\/\">link.<\/a><\/p>\n","protected":false},"excerpt":{"rendered":"<p>Darci Alves Pereira tomou posse no final de janeiro. \u201cN\u00e3o me surpreende, mas n\u00e3o deixo de ficar triste\u201d, diz filha do sindicalista ((O)) Eco \u2013 Darci Alves Pereira, r\u00e9u confesso, condenado em 1990 a 19 anos de pris\u00e3o pelo assassinato de Chico Mendes, \u00e9 o novo presidente do Partido Liberal (PL), partido de Jair Bolsonaro, [&hellip;]<\/p>\n","protected":false},"author":4,"featured_media":1345,"comment_status":"closed","ping_status":"closed","sticky":false,"template":"","format":"standard","meta":{"footnotes":""},"categories":[1],"tags":[],"class_list":{"0":"post-1341","1":"post","2":"type-post","3":"status-publish","4":"format-standard","5":"has-post-thumbnail","7":"category-noticias"},"_links":{"self":[{"href":"https:\/\/sindticccba.org.br\/index.php\/wp-json\/wp\/v2\/posts\/1341","targetHints":{"allow":["GET"]}}],"collection":[{"href":"https:\/\/sindticccba.org.br\/index.php\/wp-json\/wp\/v2\/posts"}],"about":[{"href":"https:\/\/sindticccba.org.br\/index.php\/wp-json\/wp\/v2\/types\/post"}],"author":[{"embeddable":true,"href":"https:\/\/sindticccba.org.br\/index.php\/wp-json\/wp\/v2\/users\/4"}],"replies":[{"embeddable":true,"href":"https:\/\/sindticccba.org.br\/index.php\/wp-json\/wp\/v2\/comments?post=1341"}],"version-history":[{"count":3,"href":"https:\/\/sindticccba.org.br\/index.php\/wp-json\/wp\/v2\/posts\/1341\/revisions"}],"predecessor-version":[{"id":1346,"href":"https:\/\/sindticccba.org.br\/index.php\/wp-json\/wp\/v2\/posts\/1341\/revisions\/1346"}],"wp:featuredmedia":[{"embeddable":true,"href":"https:\/\/sindticccba.org.br\/index.php\/wp-json\/wp\/v2\/media\/1345"}],"wp:attachment":[{"href":"https:\/\/sindticccba.org.br\/index.php\/wp-json\/wp\/v2\/media?parent=1341"}],"wp:term":[{"taxonomy":"category","embeddable":true,"href":"https:\/\/sindticccba.org.br\/index.php\/wp-json\/wp\/v2\/categories?post=1341"},{"taxonomy":"post_tag","embeddable":true,"href":"https:\/\/sindticccba.org.br\/index.php\/wp-json\/wp\/v2\/tags?post=1341"}],"curies":[{"name":"wp","href":"https:\/\/api.w.org\/{rel}","templated":true}]}}