{"id":1338,"date":"2024-02-28T10:02:46","date_gmt":"2024-02-28T13:02:46","guid":{"rendered":"https:\/\/sindticccba.org.br\/?p=1338"},"modified":"2024-02-28T10:02:46","modified_gmt":"2024-02-28T13:02:46","slug":"stf-retoma-julgamento-da-revisao-da-vida-toda-nesta-quarta-saiba-o-que-pode-mudar","status":"publish","type":"post","link":"https:\/\/sindticccba.org.br\/index.php\/2024\/02\/28\/stf-retoma-julgamento-da-revisao-da-vida-toda-nesta-quarta-saiba-o-que-pode-mudar\/","title":{"rendered":"STF retoma julgamento da revis\u00e3o da vida toda nesta quarta. Saiba o que pode mudar"},"content":{"rendered":"<p><strong>Maioria dos ministros j\u00e1 decidiu que aposentados e pensionistas t\u00eam direito a pedir a revis\u00e3o da vida toda do INSS, mas as formas de pagamento dos atrasados e quem poder\u00e1 receber ainda precisam ser definidas<\/strong><br \/>\n<img loading=\"lazy\" decoding=\"async\" src=\"https:\/\/www.cut.org.br\/images\/cache\/systemuploadsnewsa7c780e4c8eee303b2d-700x460xfit-4524e.jpg\" width=\"700\" height=\"460\" class=\"alignnone size-medium\" \/><br \/>\nA revis\u00e3o da vida toda dos benef\u00edcios de aposentados e pensionistas do Instituto Nacional do Seguro Social (INSS), ter\u00e1 novos desdobramentos na pr\u00f3xima quarta-feira (28), quando os ministros do Supremo Tribunal Federal (STF) devem voltar ao julgamento presencial sobre as regras do pagamento, se ser\u00e1 retroativo ou n\u00e3o, e quem ter\u00e1 direito. Em fevereiro de 2022, por seis votos a cinco, o Supremo j\u00e1 havia decidido que \u00e9 v\u00e1lido o pedido da revis\u00e3o dos benef\u00edcios do INSS para quem ganhava mais at\u00e9 1994.<br \/>\nO s\u00f3cio do escrit\u00f3rio LBS Advogados e Advogadas, que atende a CUT Nacional, Roberto dos Reis Drawanz, explica os votos dos ministros do STF e o que pode acontecer.<br \/>\nVotaram at\u00e9 agora os ministros Alexandre de Moraes, Edson Fachin, Rosa Weber, C\u00e1rmen L\u00facia, Dias Tofolli, Lu\u00eds Roberto Barroso e Cristiano Zanin. Ainda n\u00e3o votaram Luiz Fux, Gilmar Mendes, Andr\u00e9 Mendon\u00e7a e K\u00e1ssio Nunes Marques.<br \/>\nEle conta que os ministros que j\u00e1 votaram podem confirmar, mudar o voto ou pedir vistas (neste caso seriam mais 90 dias de an\u00e1lise). O voto da ministra Rosa Weber n\u00e3o pode ser mudado, j\u00e1 que ela se aposentou. Fl\u00e1vio Dino n\u00e3o vota por ter entrado na vaga de Weber.<br \/>\n<strong>Alexandre de Moraes:<\/strong> foi o primeiro a votar como relator da a\u00e7\u00e3o. Nenhum outro ministro acompanhou o voto dele.<br \/>\nMat\u00e9ria completa neste <a href=\"https:\/\/www.cut.org.br\/noticias\/stf-retoma-julgamento-da-revisao-da-vida-toda-nesta-quarta-saiba-o-que-pode-muda-a7c7\" rel=\"noopener\" target=\"_blank\">link.<\/a><\/p>\n","protected":false},"excerpt":{"rendered":"<p>Maioria dos ministros j\u00e1 decidiu que aposentados e pensionistas t\u00eam direito a pedir a revis\u00e3o da vida toda do INSS, mas as formas de pagamento dos atrasados e quem poder\u00e1 receber ainda precisam ser definidas A revis\u00e3o da vida toda dos benef\u00edcios de aposentados e pensionistas do Instituto Nacional do Seguro Social (INSS), ter\u00e1 novos [&hellip;]<\/p>\n","protected":false},"author":4,"featured_media":1339,"comment_status":"closed","ping_status":"closed","sticky":false,"template":"","format":"standard","meta":{"footnotes":""},"categories":[1],"tags":[],"class_list":{"0":"post-1338","1":"post","2":"type-post","3":"status-publish","4":"format-standard","5":"has-post-thumbnail","7":"category-noticias"},"_links":{"self":[{"href":"https:\/\/sindticccba.org.br\/index.php\/wp-json\/wp\/v2\/posts\/1338","targetHints":{"allow":["GET"]}}],"collection":[{"href":"https:\/\/sindticccba.org.br\/index.php\/wp-json\/wp\/v2\/posts"}],"about":[{"href":"https:\/\/sindticccba.org.br\/index.php\/wp-json\/wp\/v2\/types\/post"}],"author":[{"embeddable":true,"href":"https:\/\/sindticccba.org.br\/index.php\/wp-json\/wp\/v2\/users\/4"}],"replies":[{"embeddable":true,"href":"https:\/\/sindticccba.org.br\/index.php\/wp-json\/wp\/v2\/comments?post=1338"}],"version-history":[{"count":1,"href":"https:\/\/sindticccba.org.br\/index.php\/wp-json\/wp\/v2\/posts\/1338\/revisions"}],"predecessor-version":[{"id":1340,"href":"https:\/\/sindticccba.org.br\/index.php\/wp-json\/wp\/v2\/posts\/1338\/revisions\/1340"}],"wp:featuredmedia":[{"embeddable":true,"href":"https:\/\/sindticccba.org.br\/index.php\/wp-json\/wp\/v2\/media\/1339"}],"wp:attachment":[{"href":"https:\/\/sindticccba.org.br\/index.php\/wp-json\/wp\/v2\/media?parent=1338"}],"wp:term":[{"taxonomy":"category","embeddable":true,"href":"https:\/\/sindticccba.org.br\/index.php\/wp-json\/wp\/v2\/categories?post=1338"},{"taxonomy":"post_tag","embeddable":true,"href":"https:\/\/sindticccba.org.br\/index.php\/wp-json\/wp\/v2\/tags?post=1338"}],"curies":[{"name":"wp","href":"https:\/\/api.w.org\/{rel}","templated":true}]}}