{"id":1327,"date":"2024-02-21T10:19:07","date_gmt":"2024-02-21T13:19:07","guid":{"rendered":"https:\/\/sindticccba.org.br\/?p=1327"},"modified":"2024-02-21T10:19:07","modified_gmt":"2024-02-21T13:19:07","slug":"cimatec-park-vai-sediar-primeiro-laboratorio-de-producao-de-palmilhas-inteligentes-da-podoactiva-fora-da-europa","status":"publish","type":"post","link":"https:\/\/sindticccba.org.br\/index.php\/2024\/02\/21\/cimatec-park-vai-sediar-primeiro-laboratorio-de-producao-de-palmilhas-inteligentes-da-podoactiva-fora-da-europa\/","title":{"rendered":"Cimatec Park vai sediar primeiro laborat\u00f3rio de produ\u00e7\u00e3o de palmilhas inteligentes da Podoactiva fora da Europa"},"content":{"rendered":"<figure id=\"attachment_1328\" aria-describedby=\"caption-attachment-1328\" style=\"width: 300px\" class=\"wp-caption alignnone\"><img loading=\"lazy\" decoding=\"async\" class=\"size-medium wp-image-1328\" src=\"https:\/\/sindticccba.org.br\/wp-content\/uploads\/2024\/02\/Laboratorio-300x205.jpeg\" alt=\"\" width=\"300\" height=\"205\" srcset=\"https:\/\/sindticccba.org.br\/wp-content\/uploads\/2024\/02\/Laboratorio-300x205.jpeg 300w, https:\/\/sindticccba.org.br\/wp-content\/uploads\/2024\/02\/Laboratorio-768x525.jpeg 768w, https:\/\/sindticccba.org.br\/wp-content\/uploads\/2024\/02\/Laboratorio-218x150.jpeg 218w, https:\/\/sindticccba.org.br\/wp-content\/uploads\/2024\/02\/Laboratorio-696x476.jpeg 696w, https:\/\/sindticccba.org.br\/wp-content\/uploads\/2024\/02\/Laboratorio.jpeg 900w\" sizes=\"auto, (max-width: 300px) 100vw, 300px\" \/><figcaption id=\"caption-attachment-1328\" class=\"wp-caption-text\">Foto: Reprodu\u00e7\u00e3o\/Empresa ficar\u00e1 em Cama\u00e7ari<\/figcaption><\/figure>\n<p style=\"text-align: justify;\">Por meio da infraestrutura do SENAI CIMATEC, chega \u00e0 Bahia, o primeiro laborat\u00f3rio de produ\u00e7\u00e3o da Podoactiva no Brasil, empresa espanhola especializada em produtos e servi\u00e7os de podologia e biomec\u00e2nica voltada para a sa\u00fade anat\u00f4mica dos p\u00e9s. A unidade de fabrica\u00e7\u00e3o ser\u00e1 inaugurada pr\u00f3xima quinta-feira, 22, \u00e0s 14h, no CIMATEC Park, em Cama\u00e7ari, e contar\u00e1 com todo o ecossistema do Bureau de Manufatura Aditiva do SENAI CIMATEC para a fabrica\u00e7\u00e3o de partes de palmilhas inteligentes, principal produto da empresa, de forma r\u00e1pida, customizada e descentralizada, al\u00e9m de laborat\u00f3rios para qualidades e testes.<\/p>\n<p style=\"text-align: justify;\">\u201cNo Bureau de Manufatura Aditiva, a empresa vai contar com tecnologia que permite uma fabrica\u00e7\u00e3o r\u00e1pida, sem a depend\u00eancia de investimentos em grandes linhas de produ\u00e7\u00e3o, como injetoras e moldes. Ou seja, com arquivo digital 3D, conseguimos fazer com que um produto customizado, flex\u00edvel para cada cliente, seja fabricado em poucas horas, em um processo que proporciona um foco na sustentabilidade, visto que raciona o uso de material e permite o reuso da mat\u00e9ria-prima\u201d, explica Bruno Caetano, gerente executivo de Novos Neg\u00f3cios do SENAI CIMATEC.<\/p>\n<p style=\"text-align: justify;\">Esta \u00e9 a primeira unidade de fabrica\u00e7\u00e3o da Podoactiva fora da cidade de Huesca, na Espanha. Para atender a demanda, a empresa contar\u00e1 com os servi\u00e7os de manufatura aditiva, que utiliza tecnologias de impress\u00e3o 3D para criar objetos a partir de modelos digitais. \u201cEssa parceria estrat\u00e9gica amplia o leque de atua\u00e7\u00e3o do Bureau de Manufatura Aditiva do SENAI CIMATEC, contribui para o desenvolvimento da ind\u00fastria brasileira por meio da atra\u00e7\u00e3o de empresa de base tecnol\u00f3gica (que atua no uso de conhecimento cient\u00edfico e tecnol\u00f3gico), para a Bahia, al\u00e9m de gerar novas oportunidades de emprego, ressaltou Bruno Caetano. A parceria com o SENAI CIMATEC vai possibilitar tamb\u00e9m coopera\u00e7\u00e3o voltada para Pesquisa, Desenvolvimento e Inova\u00e7\u00e3o (PDI), com foco na \u00e1rea m\u00e9dica\/sa\u00fade.<\/p>\n<p style=\"text-align: justify;\"><strong>Expectativa<\/strong><\/p>\n<p style=\"text-align: justify;\">O diretor t\u00e9cnico e um dos fundadores da Podoactiva, Javier Alfaro, classifica a chegada ao Brasil como estrat\u00e9gica para a expans\u00e3o da empresa. \u201cA Podoactiva est\u00e1 preparada para competir internacionalmente em qualquer lugar. Vamos nos posicionar nos melhores lugares do mundo. Estamos orgulhosos de desembarcar no Brasil e iniciar este projeto t\u00e3o ambicioso\u201d, disse Alfaro.<\/p>\n<p style=\"text-align: justify;\">A Podoactiva conta com 25 cl\u00ednicas pr\u00f3prias e mais 150 unidades de podologia distribu\u00eddas em nove pa\u00edses da Europa. S\u00e3o mais de 1 milh\u00e3o de pacientes atendidos, tendo uma parcela significativa de mais de 5 mil atletas de elite na Europa, incluindo jogadores da Sele\u00e7\u00e3o Ol\u00edmpica e paraol\u00edmpica Espanholas, da Sele\u00e7\u00e3o Espanhola de futebol masculino, da sele\u00e7\u00e3o espanhola feminina de futebol, rec\u00e9m campe\u00e3 mundial, entre outros. A parceria une a expertise do SENAI CIMATEC em inova\u00e7\u00e3o e tecnologia, reconhecido como o maior centro tecnol\u00f3gico do pa\u00eds, com a experi\u00eancia da Podoactiva, conhecida como o maior centro de podologia e biomec\u00e2nica da Europa dedicado ao diagn\u00f3stico e tratamento dos p\u00e9s.<\/p>\n<p style=\"text-align: justify;\"><strong>Servi\u00e7o<\/strong><br \/>\nInaugura\u00e7\u00e3o do primeiro Laborat\u00f3rio de Produ\u00e7\u00e3o da Podoactiva no Brasil<br \/>\nQuando: 22 de fevereiro (quinta-feira), \u00e0s 14h<br \/>\nLocal: CIMATEC Park \u2013 Via Atl\u00e2ntica, BA 530, km 2,5 \u2013 Cama\u00e7ari \u2013 BA<\/p>\n","protected":false},"excerpt":{"rendered":"<p>Por meio da infraestrutura do SENAI CIMATEC, chega \u00e0 Bahia, o primeiro laborat\u00f3rio de produ\u00e7\u00e3o da Podoactiva no Brasil, empresa espanhola especializada em produtos e servi\u00e7os de podologia e biomec\u00e2nica voltada para a sa\u00fade anat\u00f4mica dos p\u00e9s. A unidade de fabrica\u00e7\u00e3o ser\u00e1 inaugurada pr\u00f3xima quinta-feira, 22, \u00e0s 14h, no CIMATEC Park, em Cama\u00e7ari, e contar\u00e1 [&hellip;]<\/p>\n","protected":false},"author":2,"featured_media":1328,"comment_status":"closed","ping_status":"closed","sticky":false,"template":"","format":"standard","meta":{"footnotes":""},"categories":[1],"tags":[],"class_list":{"0":"post-1327","1":"post","2":"type-post","3":"status-publish","4":"format-standard","5":"has-post-thumbnail","7":"category-noticias"},"_links":{"self":[{"href":"https:\/\/sindticccba.org.br\/index.php\/wp-json\/wp\/v2\/posts\/1327","targetHints":{"allow":["GET"]}}],"collection":[{"href":"https:\/\/sindticccba.org.br\/index.php\/wp-json\/wp\/v2\/posts"}],"about":[{"href":"https:\/\/sindticccba.org.br\/index.php\/wp-json\/wp\/v2\/types\/post"}],"author":[{"embeddable":true,"href":"https:\/\/sindticccba.org.br\/index.php\/wp-json\/wp\/v2\/users\/2"}],"replies":[{"embeddable":true,"href":"https:\/\/sindticccba.org.br\/index.php\/wp-json\/wp\/v2\/comments?post=1327"}],"version-history":[{"count":1,"href":"https:\/\/sindticccba.org.br\/index.php\/wp-json\/wp\/v2\/posts\/1327\/revisions"}],"predecessor-version":[{"id":1329,"href":"https:\/\/sindticccba.org.br\/index.php\/wp-json\/wp\/v2\/posts\/1327\/revisions\/1329"}],"wp:featuredmedia":[{"embeddable":true,"href":"https:\/\/sindticccba.org.br\/index.php\/wp-json\/wp\/v2\/media\/1328"}],"wp:attachment":[{"href":"https:\/\/sindticccba.org.br\/index.php\/wp-json\/wp\/v2\/media?parent=1327"}],"wp:term":[{"taxonomy":"category","embeddable":true,"href":"https:\/\/sindticccba.org.br\/index.php\/wp-json\/wp\/v2\/categories?post=1327"},{"taxonomy":"post_tag","embeddable":true,"href":"https:\/\/sindticccba.org.br\/index.php\/wp-json\/wp\/v2\/tags?post=1327"}],"curies":[{"name":"wp","href":"https:\/\/api.w.org\/{rel}","templated":true}]}}