{"id":1314,"date":"2024-02-19T21:29:41","date_gmt":"2024-02-20T00:29:41","guid":{"rendered":"https:\/\/sindticccba.org.br\/?p=1314"},"modified":"2024-02-19T21:29:41","modified_gmt":"2024-02-20T00:29:41","slug":"lula-reage-a-netanyahu-e-chama-de-volta-o-embaixador-do-brasil-em-israel","status":"publish","type":"post","link":"https:\/\/sindticccba.org.br\/index.php\/2024\/02\/19\/lula-reage-a-netanyahu-e-chama-de-volta-o-embaixador-do-brasil-em-israel\/","title":{"rendered":"Lula reage a Netanyahu e chama de volta o embaixador do Brasil em Israel"},"content":{"rendered":"<p><strong>Lula, declarado \u201cpersona non grata\u201d em Israel, convocou embaixador brasileiro para saber mais sobre \u201creprimenda\u201d imposta a ele em Tel Aviv. Presidente brasileiro n\u00e3o dever\u00e1 se desculpar por comparar massacre israelense em Gaza com o Holocausto<\/strong><\/p>\n<p><img loading=\"lazy\" decoding=\"async\" class=\"alignnone size-medium\" src=\"https:\/\/www.redebrasilatual.com.br\/wp-content\/uploads\/2024\/02\/53534381041_07890e0e22_o.jpg\" width=\"1200\" height=\"754\" \/><\/p>\n<p>S\u00e3o Paulo \u2013 O presidente Luiz In\u00e1cio Lula da Silva (PT) chamou de volta ao pa\u00eds o embaixador do Brasil em Israel, Frederico Meyer, para dar esclarecimentos sobre a \u201creprimenda\u201d em Tel Aviv. A medida foi tomada nesta segunda-feira (19), ap\u00f3s o governo de Benjamin Netanyahu declarar que o l\u00edder brasileiro \u00e9 persona non grata.<br \/>\nSegundo diplomatas, o Minist\u00e9rio das Rela\u00e7\u00f5es Exteriores de Israel fez uma reprimenda ao embaixador Frederico Meyer, no Memorial do Holocausto, Yad Vashem \u2014 o que eles classificaram como um \u201cshow\u201d. Isso porque, em geral, advert\u00eancias a embaixadores s\u00e3o feitas nas sedes das chancelarias.<br \/>\nA \u201creprimenda\u201d e a declara\u00e7\u00e3o de que Lula \u00e9 persona non grata s\u00e3o rea\u00e7\u00e3o a uma afirma\u00e7\u00e3o do presidente brasileiro, ontem, (18), quando ele comparou o massacre do povo palestino em Gaza promovido pelos israelenses ao Holocausto comandado por Adolf Hitler contra os judeus na Segunda Guerra Mundial.<br \/>\n\u201cO que est\u00e1 acontecendo na Faixa de Gaza com o povo palestino, n\u00e3o existe em nenhum outro momento hist\u00f3rico. Ali\u00e1s, existiu quando Hitler resolveu matar os judeus\u201d, disse Lula, em entrevista coletiva concedida na 37\u00aa C\u00fapula da Uni\u00e3o Africana, em Adis Abeba, Eti\u00f3pia.<br \/>\nClique <a href=\"https:\/\/www.redebrasilatual.com.br\/mundo\/lula-reage-a-netanyahu-e-chama-ao-pais-o-embaixador-do-brasil-em-israel\/\">aqui<\/a> para ler a mat\u00e9ria completa.<\/p>\n","protected":false},"excerpt":{"rendered":"<p>Lula, declarado \u201cpersona non grata\u201d em Israel, convocou embaixador brasileiro para saber mais sobre \u201creprimenda\u201d imposta a ele em Tel Aviv. Presidente brasileiro n\u00e3o dever\u00e1 se desculpar por comparar massacre israelense em Gaza com o Holocausto S\u00e3o Paulo \u2013 O presidente Luiz In\u00e1cio Lula da Silva (PT) chamou de volta ao pa\u00eds o embaixador do [&hellip;]<\/p>\n","protected":false},"author":4,"featured_media":1315,"comment_status":"closed","ping_status":"closed","sticky":false,"template":"","format":"standard","meta":{"footnotes":""},"categories":[1],"tags":[],"class_list":{"0":"post-1314","1":"post","2":"type-post","3":"status-publish","4":"format-standard","5":"has-post-thumbnail","7":"category-noticias"},"_links":{"self":[{"href":"https:\/\/sindticccba.org.br\/index.php\/wp-json\/wp\/v2\/posts\/1314","targetHints":{"allow":["GET"]}}],"collection":[{"href":"https:\/\/sindticccba.org.br\/index.php\/wp-json\/wp\/v2\/posts"}],"about":[{"href":"https:\/\/sindticccba.org.br\/index.php\/wp-json\/wp\/v2\/types\/post"}],"author":[{"embeddable":true,"href":"https:\/\/sindticccba.org.br\/index.php\/wp-json\/wp\/v2\/users\/4"}],"replies":[{"embeddable":true,"href":"https:\/\/sindticccba.org.br\/index.php\/wp-json\/wp\/v2\/comments?post=1314"}],"version-history":[{"count":1,"href":"https:\/\/sindticccba.org.br\/index.php\/wp-json\/wp\/v2\/posts\/1314\/revisions"}],"predecessor-version":[{"id":1316,"href":"https:\/\/sindticccba.org.br\/index.php\/wp-json\/wp\/v2\/posts\/1314\/revisions\/1316"}],"wp:featuredmedia":[{"embeddable":true,"href":"https:\/\/sindticccba.org.br\/index.php\/wp-json\/wp\/v2\/media\/1315"}],"wp:attachment":[{"href":"https:\/\/sindticccba.org.br\/index.php\/wp-json\/wp\/v2\/media?parent=1314"}],"wp:term":[{"taxonomy":"category","embeddable":true,"href":"https:\/\/sindticccba.org.br\/index.php\/wp-json\/wp\/v2\/categories?post=1314"},{"taxonomy":"post_tag","embeddable":true,"href":"https:\/\/sindticccba.org.br\/index.php\/wp-json\/wp\/v2\/tags?post=1314"}],"curies":[{"name":"wp","href":"https:\/\/api.w.org\/{rel}","templated":true}]}}