{"id":1306,"date":"2024-02-19T17:03:50","date_gmt":"2024-02-19T20:03:50","guid":{"rendered":"https:\/\/sindticccba.org.br\/?p=1306"},"modified":"2024-02-19T17:05:48","modified_gmt":"2024-02-19T20:05:48","slug":"conticom-cut-planeja-2024-em-cenario-de-alta-em-investimentos-publicos","status":"publish","type":"post","link":"https:\/\/sindticccba.org.br\/index.php\/2024\/02\/19\/conticom-cut-planeja-2024-em-cenario-de-alta-em-investimentos-publicos\/","title":{"rendered":"CONTICOM-CUT planeja 2024 em cen\u00e1rio de alta em investimentos p\u00fablicos"},"content":{"rendered":"<p><strong>Na \u00faltima Reuni\u00e3o da Dire\u00e7\u00e3o Ampliada do ano, dirigentes sindicais dos ramos da constru\u00e7\u00e3o e madeira debatem a\u00e7\u00f5es para garantir emprego decente e desenvolvimento social<\/strong><\/p>\n<p>O ano de 2024 promete ser de grandes oportunidades \u2013 e tamb\u00e9m de enormes desafios \u2013 para o mundo do trabalho diante da expectativa de aumento significativo dos investimentos p\u00fablicos vinculados aos principais projetos que sustentam a estrat\u00e9gia de desenvolvimento do governo federal.<br \/>\n<a href=\"https:\/\/sindticccba.org.br\/wp-content\/uploads\/2024\/02\/Concticom.jpg\"><img loading=\"lazy\" decoding=\"async\" class=\"alignnone size-medium wp-image-1307\" src=\"https:\/\/sindticccba.org.br\/wp-content\/uploads\/2024\/02\/Concticom-300x197.jpg\" alt=\"\" width=\"300\" height=\"197\" srcset=\"https:\/\/sindticccba.org.br\/wp-content\/uploads\/2024\/02\/Concticom-300x197.jpg 300w, https:\/\/sindticccba.org.br\/wp-content\/uploads\/2024\/02\/Concticom-696x457.jpg 696w, https:\/\/sindticccba.org.br\/wp-content\/uploads\/2024\/02\/Concticom.jpg 700w\" sizes=\"auto, (max-width: 300px) 100vw, 300px\" \/><\/a><br \/>\nEssa foi uma das conclus\u00f5es da \u00faltima Reuni\u00e3o da Dire\u00e7\u00e3o Ampliada deste ano de 2023 da Confedera\u00e7\u00e3o Nacional dos Sindicatos de Trabalhadores nas Ind\u00fastrias da Constru\u00e7\u00e3o e da Madeira filiados \u00e0 CUT (CONTICOM).<br \/>\nO encontro foi realizado de forma virtual na manh\u00e3 da \u00faltima quarta-feira (6\/12) e reuniu dezenas de dirigentes de sindicatos dos ramos da constru\u00e7\u00e3o e madeira filiados \u00e0 Confedera\u00e7\u00e3o.<br \/>\nMat\u00e9ria completa no <a href=\"https:\/\/conticom.org.br\/noticias\/conticom-cut-planeja-2024-em-cenario-de-alta-em-investimentos-publicos-8b42\">link.<\/a><\/p>\n","protected":false},"excerpt":{"rendered":"<p>Na \u00faltima Reuni\u00e3o da Dire\u00e7\u00e3o Ampliada do ano, dirigentes sindicais dos ramos da constru\u00e7\u00e3o e madeira debatem a\u00e7\u00f5es para garantir emprego decente e desenvolvimento social O ano de 2024 promete ser de grandes oportunidades \u2013 e tamb\u00e9m de enormes desafios \u2013 para o mundo do trabalho diante da expectativa de aumento significativo dos investimentos p\u00fablicos [&hellip;]<\/p>\n","protected":false},"author":4,"featured_media":1307,"comment_status":"closed","ping_status":"closed","sticky":false,"template":"","format":"standard","meta":{"footnotes":""},"categories":[84],"tags":[],"class_list":{"0":"post-1306","1":"post","2":"type-post","3":"status-publish","4":"format-standard","5":"has-post-thumbnail","7":"category-emprego"},"_links":{"self":[{"href":"https:\/\/sindticccba.org.br\/index.php\/wp-json\/wp\/v2\/posts\/1306","targetHints":{"allow":["GET"]}}],"collection":[{"href":"https:\/\/sindticccba.org.br\/index.php\/wp-json\/wp\/v2\/posts"}],"about":[{"href":"https:\/\/sindticccba.org.br\/index.php\/wp-json\/wp\/v2\/types\/post"}],"author":[{"embeddable":true,"href":"https:\/\/sindticccba.org.br\/index.php\/wp-json\/wp\/v2\/users\/4"}],"replies":[{"embeddable":true,"href":"https:\/\/sindticccba.org.br\/index.php\/wp-json\/wp\/v2\/comments?post=1306"}],"version-history":[{"count":3,"href":"https:\/\/sindticccba.org.br\/index.php\/wp-json\/wp\/v2\/posts\/1306\/revisions"}],"predecessor-version":[{"id":1310,"href":"https:\/\/sindticccba.org.br\/index.php\/wp-json\/wp\/v2\/posts\/1306\/revisions\/1310"}],"wp:featuredmedia":[{"embeddable":true,"href":"https:\/\/sindticccba.org.br\/index.php\/wp-json\/wp\/v2\/media\/1307"}],"wp:attachment":[{"href":"https:\/\/sindticccba.org.br\/index.php\/wp-json\/wp\/v2\/media?parent=1306"}],"wp:term":[{"taxonomy":"category","embeddable":true,"href":"https:\/\/sindticccba.org.br\/index.php\/wp-json\/wp\/v2\/categories?post=1306"},{"taxonomy":"post_tag","embeddable":true,"href":"https:\/\/sindticccba.org.br\/index.php\/wp-json\/wp\/v2\/tags?post=1306"}],"curies":[{"name":"wp","href":"https:\/\/api.w.org\/{rel}","templated":true}]}}