{"id":1299,"date":"2024-02-07T10:07:08","date_gmt":"2024-02-07T13:07:08","guid":{"rendered":"https:\/\/sindticccba.org.br\/?p=1299"},"modified":"2024-02-07T10:07:08","modified_gmt":"2024-02-07T13:07:08","slug":"governo-aumenta-limite-de-isencao-do-ir-em-2-salarios-minimos","status":"publish","type":"post","link":"https:\/\/sindticccba.org.br\/index.php\/2024\/02\/07\/governo-aumenta-limite-de-isencao-do-ir-em-2-salarios-minimos\/","title":{"rendered":"Governo aumenta limite de isen\u00e7\u00e3o do IR em 2 sal\u00e1rios m\u00ednimos"},"content":{"rendered":"<figure id=\"attachment_1300\" aria-describedby=\"caption-attachment-1300\" style=\"width: 300px\" class=\"wp-caption alignnone\"><img loading=\"lazy\" decoding=\"async\" class=\"size-medium wp-image-1300\" src=\"https:\/\/sindticccba.org.br\/wp-content\/uploads\/2024\/02\/IR-300x205.webp\" alt=\"\" width=\"300\" height=\"205\" srcset=\"https:\/\/sindticccba.org.br\/wp-content\/uploads\/2024\/02\/IR-300x205.webp 300w, https:\/\/sindticccba.org.br\/wp-content\/uploads\/2024\/02\/IR-768x525.webp 768w, https:\/\/sindticccba.org.br\/wp-content\/uploads\/2024\/02\/IR-218x150.webp 218w, https:\/\/sindticccba.org.br\/wp-content\/uploads\/2024\/02\/IR-696x476.webp 696w, https:\/\/sindticccba.org.br\/wp-content\/uploads\/2024\/02\/IR.webp 900w\" sizes=\"auto, (max-width: 300px) 100vw, 300px\" \/><figcaption id=\"caption-attachment-1300\" class=\"wp-caption-text\">Foto: Jo\u00e9dson Alves\/Ag\u00eancia Brasil<\/figcaption><\/figure>\n<p style=\"text-align: justify;\">O governo federal anunciou, na noite desta ter\u00e7a-feira (6), o aumento na faixa de isen\u00e7\u00e3o do Imposto de Renda da Pessoa F\u00edsica (IRPF) para dois sal\u00e1rios m\u00ednimos. \u00c9 o segundo aumento na isen\u00e7\u00e3o desde o in\u00edcio deste governo.<\/p>\n<p style=\"text-align: justify;\">O teto de isen\u00e7\u00e3o, que estava congelado em R$ 1.903,98 desde 2015, subiu em maio de 2023 para R$ 2.640,00 e agora vai para R$ 2.824,00. \u201cA falta de atualiza\u00e7\u00e3o da tabela, ao longo de tantos anos, fez com que os brasileiros pagassem cada vez mais Imposto de Renda, retirando dinheiro das fam\u00edlias\u201d, afirmou o Minist\u00e9rio da Fazenda.<\/p>\n<p style=\"text-align: justify;\">Conforme explicou a pasta, o contribuinte com rendimentos de at\u00e9 R$ 2.824,00 mensais ser\u00e1 beneficiado com a isen\u00e7\u00e3o porque, dessa renda, subtrai-se o desconto simplificado, de R$ 564,80, resultando em uma base c\u00e1lculo mensal de R$ 2.259,20, ou seja, exatamente o limite m\u00e1ximo da faixa de al\u00edquota zero da nova tabela.<\/p>\n<p style=\"text-align: justify;\">A Medida Provis\u00f3ria n\u00ba 1.206\/24, com a altera\u00e7\u00e3o, foi encaminhada ao Congresso Nacional nesta ter\u00e7a-feira. A MP, no entanto, j\u00e1 est\u00e1 publicada no Di\u00e1rio Oficial e, portanto, j\u00e1 est\u00e1 valendo. No entanto, precisa ser ratificada pelo Congresso Nacional em at\u00e9 120 dias.<\/p>\n<p style=\"text-align: justify;\"><span class=\"assinatura_exclusiva\" style=\"font-size: 10px;\">Ag\u00eancia Brasil<\/span><\/p>\n","protected":false},"excerpt":{"rendered":"<p>O governo federal anunciou, na noite desta ter\u00e7a-feira (6), o aumento na faixa de isen\u00e7\u00e3o do Imposto de Renda da Pessoa F\u00edsica (IRPF) para dois sal\u00e1rios m\u00ednimos. \u00c9 o segundo aumento na isen\u00e7\u00e3o desde o in\u00edcio deste governo. O teto de isen\u00e7\u00e3o, que estava congelado em R$ 1.903,98 desde 2015, subiu em maio de 2023 [&hellip;]<\/p>\n","protected":false},"author":2,"featured_media":1300,"comment_status":"closed","ping_status":"closed","sticky":false,"template":"","format":"standard","meta":{"footnotes":""},"categories":[80],"tags":[],"class_list":{"0":"post-1299","1":"post","2":"type-post","3":"status-publish","4":"format-standard","5":"has-post-thumbnail","7":"category-economia"},"_links":{"self":[{"href":"https:\/\/sindticccba.org.br\/index.php\/wp-json\/wp\/v2\/posts\/1299","targetHints":{"allow":["GET"]}}],"collection":[{"href":"https:\/\/sindticccba.org.br\/index.php\/wp-json\/wp\/v2\/posts"}],"about":[{"href":"https:\/\/sindticccba.org.br\/index.php\/wp-json\/wp\/v2\/types\/post"}],"author":[{"embeddable":true,"href":"https:\/\/sindticccba.org.br\/index.php\/wp-json\/wp\/v2\/users\/2"}],"replies":[{"embeddable":true,"href":"https:\/\/sindticccba.org.br\/index.php\/wp-json\/wp\/v2\/comments?post=1299"}],"version-history":[{"count":1,"href":"https:\/\/sindticccba.org.br\/index.php\/wp-json\/wp\/v2\/posts\/1299\/revisions"}],"predecessor-version":[{"id":1301,"href":"https:\/\/sindticccba.org.br\/index.php\/wp-json\/wp\/v2\/posts\/1299\/revisions\/1301"}],"wp:featuredmedia":[{"embeddable":true,"href":"https:\/\/sindticccba.org.br\/index.php\/wp-json\/wp\/v2\/media\/1300"}],"wp:attachment":[{"href":"https:\/\/sindticccba.org.br\/index.php\/wp-json\/wp\/v2\/media?parent=1299"}],"wp:term":[{"taxonomy":"category","embeddable":true,"href":"https:\/\/sindticccba.org.br\/index.php\/wp-json\/wp\/v2\/categories?post=1299"},{"taxonomy":"post_tag","embeddable":true,"href":"https:\/\/sindticccba.org.br\/index.php\/wp-json\/wp\/v2\/tags?post=1299"}],"curies":[{"name":"wp","href":"https:\/\/api.w.org\/{rel}","templated":true}]}}