{"id":1287,"date":"2024-02-05T15:00:07","date_gmt":"2024-02-05T18:00:07","guid":{"rendered":"https:\/\/sindticccba.org.br\/?p=1287"},"modified":"2024-02-05T15:00:07","modified_gmt":"2024-02-05T18:00:07","slug":"governo-lula-vai-liberar-trabalho-em-feriado-para-bares-restaurantes-saloes-de-beleza-e-outros","status":"publish","type":"post","link":"https:\/\/sindticccba.org.br\/index.php\/2024\/02\/05\/governo-lula-vai-liberar-trabalho-em-feriado-para-bares-restaurantes-saloes-de-beleza-e-outros\/","title":{"rendered":"Governo Lula vai liberar trabalho em feriado para bares, restaurantes, sal\u00f5es de beleza e outros"},"content":{"rendered":"<p style=\"text-align: justify;\">O Minist\u00e9rio do Trabalho est\u00e1 finalizando a lista dos setores que poder\u00e3o trabalhar nos feriados sem a necessidade de autoriza\u00e7\u00e3o por meio de conven\u00e7\u00e3o coletiva, negociada entre sindicatos e empresas.<\/p>\n<p style=\"text-align: justify;\">Al\u00e9m de farm\u00e1cias e postos de gasolina, j\u00e1 anunciados pelo ministro do Trabalho, Luiz Marinho, poder\u00e3o abrir em feriados, sem negocia\u00e7\u00e3o coletiva, o com\u00e9rcio de flores e coroas funer\u00e1rias, p\u00e3es e biscoitos, sal\u00f5es de beleza, pontos de g\u00e1s, locadoras de bicicleta, parques de divers\u00e3o, estabelecimentos esportivos (como est\u00e1dios de futebol), feiras de livros, feiras e exposi\u00e7\u00f5es e ag\u00eancias de turismo.<\/p>\n<p style=\"text-align: justify;\">Hot\u00e9is, restaurantes, bares e similares tamb\u00e9m entrar\u00e3o na lista de exce\u00e7\u00f5es \u00e0 regra do acordo coletivo. Ela deve contemplar cerca de 200 setores.<\/p>\n<p style=\"text-align: justify;\">No ano passado, Marinho revogou medida do governo de Jair Bolsonaro que liberava o com\u00e9rcio para o trabalho em feriados sem negocia\u00e7\u00e3o coletiva.<\/p>\n<p style=\"text-align: justify;\">O ministro diz que a medida contraria a lei 10.101, de 2000, que afirma expressamente ser permitido o trabalho em feriados no com\u00e9rcio, \u201cdesde que autorizado em conven\u00e7\u00e3o coletiva de trabalho e observada a legisla\u00e7\u00e3o municipal\u201d.<\/p>\n<p style=\"text-align: justify;\">Bolsonaro havia liberado o com\u00e9rcio para trabalhar em feriados sem negocia\u00e7\u00e3o coletiva em 2021, justificando que isso aumentaria contrata\u00e7\u00f5es e n\u00famero de empregos.<\/p>\n<p style=\"text-align: justify;\">Marinho acredita que a lei deveria voltar a valer para todas as categorias. \u201cN\u00e3o h\u00e1 proibi\u00e7\u00e3o, apenas a exig\u00eancia de uma negocia\u00e7\u00e3o. O pa\u00eds precisa perder o medo de acordos\u201d, afirma. \u201cO trabalhador tem o direito de se programar.\u201d<\/p>\n<p style=\"text-align: justify;\">A rea\u00e7\u00e3o \u00e0 iniciativa levou o minist\u00e9rio a abrir negocia\u00e7\u00e3o com entidades patronais e de trabalhadores. O resultado foi a elabora\u00e7\u00e3o da lista com 200 setores considerados essenciais que ser\u00e3o liberados da obriga\u00e7\u00e3o de negociar.<\/p>\n<figure id=\"attachment_1288\" aria-describedby=\"caption-attachment-1288\" style=\"width: 300px\" class=\"wp-caption alignnone\"><img loading=\"lazy\" decoding=\"async\" class=\"size-medium wp-image-1288\" src=\"https:\/\/sindticccba.org.br\/wp-content\/uploads\/2024\/02\/luiz-marinho_geraldo-magela_agenciasenado-900x615-1-300x205.jpg\" alt=\"\" width=\"300\" height=\"205\" srcset=\"https:\/\/sindticccba.org.br\/wp-content\/uploads\/2024\/02\/luiz-marinho_geraldo-magela_agenciasenado-900x615-1-300x205.jpg 300w, https:\/\/sindticccba.org.br\/wp-content\/uploads\/2024\/02\/luiz-marinho_geraldo-magela_agenciasenado-900x615-1-768x525.jpg 768w, https:\/\/sindticccba.org.br\/wp-content\/uploads\/2024\/02\/luiz-marinho_geraldo-magela_agenciasenado-900x615-1-218x150.jpg 218w, https:\/\/sindticccba.org.br\/wp-content\/uploads\/2024\/02\/luiz-marinho_geraldo-magela_agenciasenado-900x615-1-696x476.jpg 696w, https:\/\/sindticccba.org.br\/wp-content\/uploads\/2024\/02\/luiz-marinho_geraldo-magela_agenciasenado-900x615-1.jpg 900w\" sizes=\"auto, (max-width: 300px) 100vw, 300px\" \/><figcaption id=\"caption-attachment-1288\" class=\"wp-caption-text\">Foto: Geraldo Magela\/Arquivo\/Ag\u00eancia Senado<\/figcaption><\/figure>\n<p style=\"text-align: justify;\"><span class=\"assinatura_exclusiva\" style=\"font-size: 10px;\">M\u00f4nica Bergamo\/Folhapress<\/span><\/p>\n","protected":false},"excerpt":{"rendered":"<p>O Minist\u00e9rio do Trabalho est\u00e1 finalizando a lista dos setores que poder\u00e3o trabalhar nos feriados sem a necessidade de autoriza\u00e7\u00e3o por meio de conven\u00e7\u00e3o coletiva, negociada entre sindicatos e empresas. Al\u00e9m de farm\u00e1cias e postos de gasolina, j\u00e1 anunciados pelo ministro do Trabalho, Luiz Marinho, poder\u00e3o abrir em feriados, sem negocia\u00e7\u00e3o coletiva, o com\u00e9rcio de [&hellip;]<\/p>\n","protected":false},"author":2,"featured_media":1288,"comment_status":"closed","ping_status":"closed","sticky":false,"template":"","format":"standard","meta":{"footnotes":""},"categories":[1],"tags":[],"class_list":{"0":"post-1287","1":"post","2":"type-post","3":"status-publish","4":"format-standard","5":"has-post-thumbnail","7":"category-noticias"},"_links":{"self":[{"href":"https:\/\/sindticccba.org.br\/index.php\/wp-json\/wp\/v2\/posts\/1287","targetHints":{"allow":["GET"]}}],"collection":[{"href":"https:\/\/sindticccba.org.br\/index.php\/wp-json\/wp\/v2\/posts"}],"about":[{"href":"https:\/\/sindticccba.org.br\/index.php\/wp-json\/wp\/v2\/types\/post"}],"author":[{"embeddable":true,"href":"https:\/\/sindticccba.org.br\/index.php\/wp-json\/wp\/v2\/users\/2"}],"replies":[{"embeddable":true,"href":"https:\/\/sindticccba.org.br\/index.php\/wp-json\/wp\/v2\/comments?post=1287"}],"version-history":[{"count":1,"href":"https:\/\/sindticccba.org.br\/index.php\/wp-json\/wp\/v2\/posts\/1287\/revisions"}],"predecessor-version":[{"id":1289,"href":"https:\/\/sindticccba.org.br\/index.php\/wp-json\/wp\/v2\/posts\/1287\/revisions\/1289"}],"wp:featuredmedia":[{"embeddable":true,"href":"https:\/\/sindticccba.org.br\/index.php\/wp-json\/wp\/v2\/media\/1288"}],"wp:attachment":[{"href":"https:\/\/sindticccba.org.br\/index.php\/wp-json\/wp\/v2\/media?parent=1287"}],"wp:term":[{"taxonomy":"category","embeddable":true,"href":"https:\/\/sindticccba.org.br\/index.php\/wp-json\/wp\/v2\/categories?post=1287"},{"taxonomy":"post_tag","embeddable":true,"href":"https:\/\/sindticccba.org.br\/index.php\/wp-json\/wp\/v2\/tags?post=1287"}],"curies":[{"name":"wp","href":"https:\/\/api.w.org\/{rel}","templated":true}]}}