{"id":1201,"date":"2024-01-29T10:40:06","date_gmt":"2024-01-29T13:40:06","guid":{"rendered":"https:\/\/sindticccba.org.br\/?p=1201"},"modified":"2024-01-29T10:40:06","modified_gmt":"2024-01-29T13:40:06","slug":"ministerio-do-trabalho-avalia-emprestimos-para-amortecer-mudancas-no-saque-aniversario","status":"publish","type":"post","link":"https:\/\/sindticccba.org.br\/index.php\/2024\/01\/29\/ministerio-do-trabalho-avalia-emprestimos-para-amortecer-mudancas-no-saque-aniversario\/","title":{"rendered":"Minist\u00e9rio do Trabalho avalia empr\u00e9stimos para amortecer mudan\u00e7as no saque-anivers\u00e1rio"},"content":{"rendered":"<figure id=\"attachment_1202\" aria-describedby=\"caption-attachment-1202\" style=\"width: 300px\" class=\"wp-caption alignnone\"><img loading=\"lazy\" decoding=\"async\" class=\"size-medium wp-image-1202\" src=\"https:\/\/sindticccba.org.br\/wp-content\/uploads\/2024\/01\/Luiz-Marinho-300x205.jpg\" alt=\"\" width=\"300\" height=\"205\" srcset=\"https:\/\/sindticccba.org.br\/wp-content\/uploads\/2024\/01\/Luiz-Marinho-300x205.jpg 300w, https:\/\/sindticccba.org.br\/wp-content\/uploads\/2024\/01\/Luiz-Marinho-768x525.jpg 768w, https:\/\/sindticccba.org.br\/wp-content\/uploads\/2024\/01\/Luiz-Marinho-218x150.jpg 218w, https:\/\/sindticccba.org.br\/wp-content\/uploads\/2024\/01\/Luiz-Marinho-696x476.jpg 696w, https:\/\/sindticccba.org.br\/wp-content\/uploads\/2024\/01\/Luiz-Marinho.jpg 900w\" sizes=\"auto, (max-width: 300px) 100vw, 300px\" \/><figcaption id=\"caption-attachment-1202\" class=\"wp-caption-text\">Foto: Valter Campanato\/Arquivo\/Ag\u00eancia Brasil<\/figcaption><\/figure>\n<p style=\"text-align: justify;\">Luiz Marinho, ministro do Trabalho, estuda a concess\u00e3o de empr\u00e9stimos subsidiados como uma forma de aliviar o impacto das mudan\u00e7as que pretende encaminhar no saque-anivers\u00e1rio do FGTS (Fundo de Garantia por Tempo de Servi\u00e7o), especialmente nas categorias que recebem sal\u00e1rios mais baixos. Ele compartilhou a ideia em encontro com l\u00edderes sindicais.<\/p>\n<p style=\"text-align: justify;\">Marinho quer avan\u00e7ar na extin\u00e7\u00e3o ou ao menos na redu\u00e7\u00e3o do saque-anivers\u00e1rio em 2024. Ricardo Patah, presidente da UGT e um dos presentes na reuni\u00e3o, diz que aprova a ideia, pois atinge o saque-anivers\u00e1rio e oferece uma alternativa aos que recorrem a ele para pagar d\u00edvidas de curto prazo.<\/p>\n<p style=\"text-align: justify;\">Na vis\u00e3o do ministro e tamb\u00e9m dos sindicalistas, o saque-anivers\u00e1rio se op\u00f5e \u00e0 fun\u00e7\u00e3o social do FGTS de proteger financeiramente o trabalhador demitido ou em dificuldades e de financiar obras de infraestrutura.<\/p>\n<p style=\"text-align: justify;\"><span class=\"assinatura_exclusiva\" style=\"font-size: 10px;\">Guilherme Seto\/Folhapress<\/span><\/p>\n","protected":false},"excerpt":{"rendered":"<p>Luiz Marinho, ministro do Trabalho, estuda a concess\u00e3o de empr\u00e9stimos subsidiados como uma forma de aliviar o impacto das mudan\u00e7as que pretende encaminhar no saque-anivers\u00e1rio do FGTS (Fundo de Garantia por Tempo de Servi\u00e7o), especialmente nas categorias que recebem sal\u00e1rios mais baixos. Ele compartilhou a ideia em encontro com l\u00edderes sindicais. Marinho quer avan\u00e7ar na [&hellip;]<\/p>\n","protected":false},"author":2,"featured_media":1202,"comment_status":"closed","ping_status":"closed","sticky":false,"template":"","format":"standard","meta":{"footnotes":""},"categories":[1],"tags":[],"class_list":{"0":"post-1201","1":"post","2":"type-post","3":"status-publish","4":"format-standard","5":"has-post-thumbnail","7":"category-noticias"},"_links":{"self":[{"href":"https:\/\/sindticccba.org.br\/index.php\/wp-json\/wp\/v2\/posts\/1201","targetHints":{"allow":["GET"]}}],"collection":[{"href":"https:\/\/sindticccba.org.br\/index.php\/wp-json\/wp\/v2\/posts"}],"about":[{"href":"https:\/\/sindticccba.org.br\/index.php\/wp-json\/wp\/v2\/types\/post"}],"author":[{"embeddable":true,"href":"https:\/\/sindticccba.org.br\/index.php\/wp-json\/wp\/v2\/users\/2"}],"replies":[{"embeddable":true,"href":"https:\/\/sindticccba.org.br\/index.php\/wp-json\/wp\/v2\/comments?post=1201"}],"version-history":[{"count":1,"href":"https:\/\/sindticccba.org.br\/index.php\/wp-json\/wp\/v2\/posts\/1201\/revisions"}],"predecessor-version":[{"id":1203,"href":"https:\/\/sindticccba.org.br\/index.php\/wp-json\/wp\/v2\/posts\/1201\/revisions\/1203"}],"wp:featuredmedia":[{"embeddable":true,"href":"https:\/\/sindticccba.org.br\/index.php\/wp-json\/wp\/v2\/media\/1202"}],"wp:attachment":[{"href":"https:\/\/sindticccba.org.br\/index.php\/wp-json\/wp\/v2\/media?parent=1201"}],"wp:term":[{"taxonomy":"category","embeddable":true,"href":"https:\/\/sindticccba.org.br\/index.php\/wp-json\/wp\/v2\/categories?post=1201"},{"taxonomy":"post_tag","embeddable":true,"href":"https:\/\/sindticccba.org.br\/index.php\/wp-json\/wp\/v2\/tags?post=1201"}],"curies":[{"name":"wp","href":"https:\/\/api.w.org\/{rel}","templated":true}]}}