{"id":1127,"date":"2024-01-23T10:50:18","date_gmt":"2024-01-23T13:50:18","guid":{"rendered":"https:\/\/sindticccba.org.br\/?p=1127"},"modified":"2024-01-23T11:07:24","modified_gmt":"2024-01-23T14:07:24","slug":"sindticcc-lamenta-tragedia-na-baia-de-todos-os-santos","status":"publish","type":"post","link":"https:\/\/sindticccba.org.br\/index.php\/2024\/01\/23\/sindticcc-lamenta-tragedia-na-baia-de-todos-os-santos\/","title":{"rendered":"SINDTICCC lamenta trag\u00e9dia na Ba\u00eda de Todos-os-Santos"},"content":{"rendered":"<p style=\"text-align: justify;\">O coordenador geral do SINDTICCC, Ant\u00f4nio Ubirajara (Bira), em uma publica\u00e7\u00e3o nas redes sociais, lamentou a trag\u00e9dia ocorrida na cidade de Madre de Deus, na noite do \u00faltimo dia 21, quando uma embarca\u00e7\u00e3o virou no trecho entre a Ilha de Maria Guarda, pertencente a Salvador, e a cidade de Madre de Deus. Na postagem, Bira falando em nome do sindicato, lamentou o ocorrido e expressou seus sentimentos de pesar aos familiares das v\u00edtimas, al\u00e9m de destacar a necessidade de aumentar a fiscaliza\u00e7\u00e3o por parte das autoridades com o objetivo de evitar que novas trag\u00e9dias voltem a acontecer.<\/p>\n<p><img loading=\"lazy\" decoding=\"async\" class=\"alignnone size-medium wp-image-1128\" src=\"https:\/\/sindticccba.org.br\/wp-content\/uploads\/2024\/01\/luto-1-300x200.jpg\" alt=\"\" width=\"300\" height=\"200\" srcset=\"https:\/\/sindticccba.org.br\/wp-content\/uploads\/2024\/01\/luto-1-300x200.jpg 300w, https:\/\/sindticccba.org.br\/wp-content\/uploads\/2024\/01\/luto-1-696x464.jpg 696w, https:\/\/sindticccba.org.br\/wp-content\/uploads\/2024\/01\/luto-1.jpg 750w\" sizes=\"auto, (max-width: 300px) 100vw, 300px\" \/><\/p>\n","protected":false},"excerpt":{"rendered":"<p>O coordenador geral do SINDTICCC, Ant\u00f4nio Ubirajara (Bira), em uma publica\u00e7\u00e3o nas redes sociais, lamentou a trag\u00e9dia ocorrida na cidade de Madre de Deus, na noite do \u00faltimo dia 21, quando uma embarca\u00e7\u00e3o virou no trecho entre a Ilha de Maria Guarda, pertencente a Salvador, e a cidade de Madre de Deus. Na postagem, Bira [&hellip;]<\/p>\n","protected":false},"author":2,"featured_media":1128,"comment_status":"closed","ping_status":"closed","sticky":false,"template":"","format":"standard","meta":{"footnotes":""},"categories":[1],"tags":[],"class_list":{"0":"post-1127","1":"post","2":"type-post","3":"status-publish","4":"format-standard","5":"has-post-thumbnail","7":"category-noticias"},"_links":{"self":[{"href":"https:\/\/sindticccba.org.br\/index.php\/wp-json\/wp\/v2\/posts\/1127","targetHints":{"allow":["GET"]}}],"collection":[{"href":"https:\/\/sindticccba.org.br\/index.php\/wp-json\/wp\/v2\/posts"}],"about":[{"href":"https:\/\/sindticccba.org.br\/index.php\/wp-json\/wp\/v2\/types\/post"}],"author":[{"embeddable":true,"href":"https:\/\/sindticccba.org.br\/index.php\/wp-json\/wp\/v2\/users\/2"}],"replies":[{"embeddable":true,"href":"https:\/\/sindticccba.org.br\/index.php\/wp-json\/wp\/v2\/comments?post=1127"}],"version-history":[{"count":3,"href":"https:\/\/sindticccba.org.br\/index.php\/wp-json\/wp\/v2\/posts\/1127\/revisions"}],"predecessor-version":[{"id":1131,"href":"https:\/\/sindticccba.org.br\/index.php\/wp-json\/wp\/v2\/posts\/1127\/revisions\/1131"}],"wp:featuredmedia":[{"embeddable":true,"href":"https:\/\/sindticccba.org.br\/index.php\/wp-json\/wp\/v2\/media\/1128"}],"wp:attachment":[{"href":"https:\/\/sindticccba.org.br\/index.php\/wp-json\/wp\/v2\/media?parent=1127"}],"wp:term":[{"taxonomy":"category","embeddable":true,"href":"https:\/\/sindticccba.org.br\/index.php\/wp-json\/wp\/v2\/categories?post=1127"},{"taxonomy":"post_tag","embeddable":true,"href":"https:\/\/sindticccba.org.br\/index.php\/wp-json\/wp\/v2\/tags?post=1127"}],"curies":[{"name":"wp","href":"https:\/\/api.w.org\/{rel}","templated":true}]}}