{"id":1107,"date":"2024-01-20T19:55:34","date_gmt":"2024-01-20T22:55:34","guid":{"rendered":"https:\/\/sindticccba.org.br\/?p=1107"},"modified":"2024-01-22T23:46:32","modified_gmt":"2024-01-23T02:46:32","slug":"sindticcc-faz-valer-direitos-da-categoria-nao-tem-compensacao-por-dias-parados-em-2023","status":"publish","type":"post","link":"https:\/\/sindticccba.org.br\/index.php\/2024\/01\/20\/sindticcc-faz-valer-direitos-da-categoria-nao-tem-compensacao-por-dias-parados-em-2023\/","title":{"rendered":"SINDTICCC FAZ VALER DIREITOS DA CATEGORIA: N\u00c3O TEM COMPENSA\u00c7\u00c3O POR DIAS PARADOS EM 2023!"},"content":{"rendered":"<p><img loading=\"lazy\" decoding=\"async\" class=\"alignnone wp-image-1112 size-full\" src=\"https:\/\/sindticccba.org.br\/wp-content\/uploads\/2024\/01\/Bira-abracando-2.jpg\" alt=\"\" width=\"720\" height=\"513\" srcset=\"https:\/\/sindticccba.org.br\/wp-content\/uploads\/2024\/01\/Bira-abracando-2.jpg 720w, https:\/\/sindticccba.org.br\/wp-content\/uploads\/2024\/01\/Bira-abracando-2-300x214.jpg 300w, https:\/\/sindticccba.org.br\/wp-content\/uploads\/2024\/01\/Bira-abracando-2-696x496.jpg 696w\" sizes=\"auto, (max-width: 720px) 100vw, 720px\" \/><\/p>\n<p style=\"text-align: justify;\">Na manh\u00e3 deste s\u00e1bado, 20\/01, o Sindticcc realizou uma intensa mobiliza\u00e7\u00e3o no Polo Petroqu\u00edmico de Cama\u00e7ari para fazer valer os direitos da categoria. A Braskem e suas terceirizadas queriam impor aos trabalhadores a compensa\u00e7\u00e3o de dias parados na greve de 2023, o que \u00e9 ILEGAL, j\u00e1 que a decis\u00e3o judicial na \u00e9poca determinou que a compensa\u00e7\u00e3o dos dias atrav\u00e9s de banco de horas teria que ser feita at\u00e9 o dia 31 de dezembro de 2023. Ou seja, o prazo para tal compensa\u00e7\u00e3o EXPIROU.<br \/>\nAinda assim, as empresas tentaram impor a compensa\u00e7\u00e3o \u201cna tora\u201d, mas o nosso sindicato de luta entrou em campo para garantir o que \u00e9 nosso e impedir esse flagrante abuso patronal. Ap\u00f3s a a\u00e7\u00e3o do Sindticcc, os trabalhadores e trabalhadoras voltaram para suas casas para usufruir do seu merecido descanso de s\u00e1bado. Estamos atentos e alertas para que nossa categoria seja respeitada sempre. Tamo junto, s\u00f3 conquista quem luta!<\/p>\n","protected":false},"excerpt":{"rendered":"<p>Na manh\u00e3 deste s\u00e1bado, 20\/01, o Sindticcc realizou uma intensa mobiliza\u00e7\u00e3o no Polo Petroqu\u00edmico de Cama\u00e7ari para fazer valer os direitos da categoria. A Braskem e suas terceirizadas queriam impor aos trabalhadores a compensa\u00e7\u00e3o de dias parados na greve de 2023, o que \u00e9 ILEGAL, j\u00e1 que a decis\u00e3o judicial na \u00e9poca determinou que a [&hellip;]<\/p>\n","protected":false},"author":2,"featured_media":1112,"comment_status":"closed","ping_status":"closed","sticky":false,"template":"","format":"standard","meta":{"footnotes":""},"categories":[1],"tags":[],"class_list":{"0":"post-1107","1":"post","2":"type-post","3":"status-publish","4":"format-standard","5":"has-post-thumbnail","7":"category-noticias"},"_links":{"self":[{"href":"https:\/\/sindticccba.org.br\/index.php\/wp-json\/wp\/v2\/posts\/1107","targetHints":{"allow":["GET"]}}],"collection":[{"href":"https:\/\/sindticccba.org.br\/index.php\/wp-json\/wp\/v2\/posts"}],"about":[{"href":"https:\/\/sindticccba.org.br\/index.php\/wp-json\/wp\/v2\/types\/post"}],"author":[{"embeddable":true,"href":"https:\/\/sindticccba.org.br\/index.php\/wp-json\/wp\/v2\/users\/2"}],"replies":[{"embeddable":true,"href":"https:\/\/sindticccba.org.br\/index.php\/wp-json\/wp\/v2\/comments?post=1107"}],"version-history":[{"count":3,"href":"https:\/\/sindticccba.org.br\/index.php\/wp-json\/wp\/v2\/posts\/1107\/revisions"}],"predecessor-version":[{"id":1123,"href":"https:\/\/sindticccba.org.br\/index.php\/wp-json\/wp\/v2\/posts\/1107\/revisions\/1123"}],"wp:featuredmedia":[{"embeddable":true,"href":"https:\/\/sindticccba.org.br\/index.php\/wp-json\/wp\/v2\/media\/1112"}],"wp:attachment":[{"href":"https:\/\/sindticccba.org.br\/index.php\/wp-json\/wp\/v2\/media?parent=1107"}],"wp:term":[{"taxonomy":"category","embeddable":true,"href":"https:\/\/sindticccba.org.br\/index.php\/wp-json\/wp\/v2\/categories?post=1107"},{"taxonomy":"post_tag","embeddable":true,"href":"https:\/\/sindticccba.org.br\/index.php\/wp-json\/wp\/v2\/tags?post=1107"}],"curies":[{"name":"wp","href":"https:\/\/api.w.org\/{rel}","templated":true}]}}