{"id":1055,"date":"2024-01-17T11:18:07","date_gmt":"2024-01-17T14:18:07","guid":{"rendered":"https:\/\/sindticccba.org.br\/?p=1055"},"modified":"2024-01-22T23:47:59","modified_gmt":"2024-01-23T02:47:59","slug":"caixa-economica-federal-vai-abrir-concurso-com-4-000-vagas-de-nivel-medio","status":"publish","type":"post","link":"https:\/\/sindticccba.org.br\/index.php\/2024\/01\/17\/caixa-economica-federal-vai-abrir-concurso-com-4-000-vagas-de-nivel-medio\/","title":{"rendered":"Caixa Econ\u00f4mica Federal vai abrir concurso com 4.000 vagas de n\u00edvel m\u00e9dio"},"content":{"rendered":"<figure id=\"attachment_1056\" aria-describedby=\"caption-attachment-1056\" style=\"width: 900px\" class=\"wp-caption alignleft\"><img loading=\"lazy\" decoding=\"async\" class=\"wp-image-1056 size-full\" src=\"https:\/\/sindticccba.org.br\/wp-content\/uploads\/2024\/01\/Concurso.jpg\" alt=\"\" width=\"900\" height=\"615\" srcset=\"https:\/\/sindticccba.org.br\/wp-content\/uploads\/2024\/01\/Concurso.jpg 900w, https:\/\/sindticccba.org.br\/wp-content\/uploads\/2024\/01\/Concurso-300x205.jpg 300w, https:\/\/sindticccba.org.br\/wp-content\/uploads\/2024\/01\/Concurso-768x525.jpg 768w, https:\/\/sindticccba.org.br\/wp-content\/uploads\/2024\/01\/Concurso-218x150.jpg 218w, https:\/\/sindticccba.org.br\/wp-content\/uploads\/2024\/01\/Concurso-696x476.jpg 696w\" sizes=\"auto, (max-width: 900px) 100vw, 900px\" \/><figcaption id=\"caption-attachment-1056\" class=\"wp-caption-text\">Foto: Divulga\u00e7\u00e3o\/Caixa Econ\u00f4mica Federal<\/figcaption><\/figure>\n<p style=\"text-align: justify;\">A Caixa Econ\u00f4mica Federal anunciou nesta segunda-feira (15) que realizar\u00e1 um concurso p\u00fablico para preencher 4.000 vagas de n\u00edvel m\u00e9dio para as \u00e1reas de tecnologia e banc\u00e1ria.<\/p>\n<p style=\"text-align: justify;\">O certame ter\u00e1 2.000 vagas para cargo de t\u00e9cnico banc\u00e1rio e 2.000 para a \u00e1rea de TI. A previs\u00e3o \u00e9 de que o edital seja publicado at\u00e9 fevereiro. A Funda\u00e7\u00e3o Cesgranrio ser\u00e1 respons\u00e1vel pela aplica\u00e7\u00e3o das provas.<\/p>\n<p style=\"text-align: justify;\">A remunera\u00e7\u00e3o inicial para as vagas ofertadas no concurso \u00e9 de R$ 3.762, e os aprovados ter\u00e3o direito a benef\u00edcios como assist\u00eancia \u00e0 sa\u00fade, previd\u00eancia complementar, aux\u00edlio alimenta\u00e7\u00e3o e refei\u00e7\u00e3o, vale transporte e aux\u00edlio creche.<\/p>\n<p style=\"text-align: justify;\">O certame ainda contar\u00e1 com cadastro de reserva, quando o candidato \u00e9 aprovado para vagas futuras.<\/p>\n<p style=\"text-align: justify;\">A Caixa ainda anunciou que h\u00e1 previs\u00e3o de abertura de concurso de n\u00edvel superior, sendo 28 vagas para m\u00e9dicos do trabalho e 22 vagas para engenheiros de seguran\u00e7a do trabalho.<\/p>\n<p style=\"text-align: justify;\">A remunera\u00e7\u00e3o inicial para profissionais de medicina do trabalho \u00e9 de R$ 11.186. Para engenharia de seguran\u00e7a do trabalho, R$ 14.915.<\/p>\n<p style=\"text-align: justify;\">Detalhes sobre a abertura do edital para vagas de n\u00edvel superior n\u00e3o foram divulgadas.<\/p>\n<p><span class=\"assinatura_exclusiva\" style=\"font-size: 8px;\">Patrick Fuentes, Folhapress<\/span><\/p>\n","protected":false},"excerpt":{"rendered":"<p>A Caixa Econ\u00f4mica Federal anunciou nesta segunda-feira (15) que realizar\u00e1 um concurso p\u00fablico para preencher 4.000 vagas de n\u00edvel m\u00e9dio para as \u00e1reas de tecnologia e banc\u00e1ria. O certame ter\u00e1 2.000 vagas para cargo de t\u00e9cnico banc\u00e1rio e 2.000 para a \u00e1rea de TI. A previs\u00e3o \u00e9 de que o edital seja publicado at\u00e9 fevereiro. [&hellip;]<\/p>\n","protected":false},"author":2,"featured_media":1056,"comment_status":"closed","ping_status":"closed","sticky":false,"template":"","format":"standard","meta":{"footnotes":""},"categories":[84],"tags":[],"class_list":{"0":"post-1055","1":"post","2":"type-post","3":"status-publish","4":"format-standard","5":"has-post-thumbnail","7":"category-emprego"},"_links":{"self":[{"href":"https:\/\/sindticccba.org.br\/index.php\/wp-json\/wp\/v2\/posts\/1055","targetHints":{"allow":["GET"]}}],"collection":[{"href":"https:\/\/sindticccba.org.br\/index.php\/wp-json\/wp\/v2\/posts"}],"about":[{"href":"https:\/\/sindticccba.org.br\/index.php\/wp-json\/wp\/v2\/types\/post"}],"author":[{"embeddable":true,"href":"https:\/\/sindticccba.org.br\/index.php\/wp-json\/wp\/v2\/users\/2"}],"replies":[{"embeddable":true,"href":"https:\/\/sindticccba.org.br\/index.php\/wp-json\/wp\/v2\/comments?post=1055"}],"version-history":[{"count":2,"href":"https:\/\/sindticccba.org.br\/index.php\/wp-json\/wp\/v2\/posts\/1055\/revisions"}],"predecessor-version":[{"id":1126,"href":"https:\/\/sindticccba.org.br\/index.php\/wp-json\/wp\/v2\/posts\/1055\/revisions\/1126"}],"wp:featuredmedia":[{"embeddable":true,"href":"https:\/\/sindticccba.org.br\/index.php\/wp-json\/wp\/v2\/media\/1056"}],"wp:attachment":[{"href":"https:\/\/sindticccba.org.br\/index.php\/wp-json\/wp\/v2\/media?parent=1055"}],"wp:term":[{"taxonomy":"category","embeddable":true,"href":"https:\/\/sindticccba.org.br\/index.php\/wp-json\/wp\/v2\/categories?post=1055"},{"taxonomy":"post_tag","embeddable":true,"href":"https:\/\/sindticccba.org.br\/index.php\/wp-json\/wp\/v2\/tags?post=1055"}],"curies":[{"name":"wp","href":"https:\/\/api.w.org\/{rel}","templated":true}]}}