{"id":1050,"date":"2024-01-16T10:22:43","date_gmt":"2024-01-16T13:22:43","guid":{"rendered":"https:\/\/sindticccba.org.br\/?p=1050"},"modified":"2024-01-16T10:26:30","modified_gmt":"2024-01-16T13:26:30","slug":"saiba-como-solicitar-o-seguro-desemprego","status":"publish","type":"post","link":"https:\/\/sindticccba.org.br\/index.php\/2024\/01\/16\/saiba-como-solicitar-o-seguro-desemprego\/","title":{"rendered":"Saiba como solicitar o seguro desemprego"},"content":{"rendered":"<p style=\"text-align: justify;\">O Minist\u00e9rio do Trabalho e Emprego atualizou a tabela anual para o c\u00e1lculo dos valores de seguro-desemprego, que \u00e9 destinado aos trabalhadores que atuaram em regime CLT. O benef\u00edcio pode ser solicitado por meio do aplicativo Carteira de Trabalho Digital, pelo portal Gov.BR e tamb\u00e9m presencialmente nas Superintend\u00eancias Regionais do Trabalho, ap\u00f3s agendamento pelo telefone central 158. Para solicitar, \u00e9 necess\u00e1rio o documento do requerimento do seguro-desemprego (que \u00e9 recebido pelo empregado no momento em que \u00e9 dispensado sem justa causa) e n\u00famero do CPF. O pedido s\u00f3 pode ser feito a partir do 7\u00ba dia da data da demiss\u00e3o e at\u00e9 120 dias.<\/p>\n<p><span style=\"font-size: 8px;\">Correio Braziliense<\/span><\/p>\n<p><img loading=\"lazy\" decoding=\"async\" class=\"alignnone size-medium wp-image-1051\" src=\"https:\/\/sindticccba.org.br\/wp-content\/uploads\/2024\/01\/seguro-desemprego-300x189.png\" alt=\"\" width=\"300\" height=\"189\" srcset=\"https:\/\/sindticccba.org.br\/wp-content\/uploads\/2024\/01\/seguro-desemprego-300x189.png 300w, https:\/\/sindticccba.org.br\/wp-content\/uploads\/2024\/01\/seguro-desemprego.png 469w\" sizes=\"auto, (max-width: 300px) 100vw, 300px\" \/><\/p>\n<p>&nbsp;<\/p>\n","protected":false},"excerpt":{"rendered":"<p>O Minist\u00e9rio do Trabalho e Emprego atualizou a tabela anual para o c\u00e1lculo dos valores de seguro-desemprego, que \u00e9 destinado aos trabalhadores que atuaram em regime CLT. O benef\u00edcio pode ser solicitado por meio do aplicativo Carteira de Trabalho Digital, pelo portal Gov.BR e tamb\u00e9m presencialmente nas Superintend\u00eancias Regionais do Trabalho, ap\u00f3s agendamento pelo telefone [&hellip;]<\/p>\n","protected":false},"author":2,"featured_media":1051,"comment_status":"closed","ping_status":"closed","sticky":false,"template":"","format":"standard","meta":{"footnotes":""},"categories":[84,1],"tags":[],"class_list":{"0":"post-1050","1":"post","2":"type-post","3":"status-publish","4":"format-standard","5":"has-post-thumbnail","7":"category-emprego","8":"category-noticias"},"_links":{"self":[{"href":"https:\/\/sindticccba.org.br\/index.php\/wp-json\/wp\/v2\/posts\/1050","targetHints":{"allow":["GET"]}}],"collection":[{"href":"https:\/\/sindticccba.org.br\/index.php\/wp-json\/wp\/v2\/posts"}],"about":[{"href":"https:\/\/sindticccba.org.br\/index.php\/wp-json\/wp\/v2\/types\/post"}],"author":[{"embeddable":true,"href":"https:\/\/sindticccba.org.br\/index.php\/wp-json\/wp\/v2\/users\/2"}],"replies":[{"embeddable":true,"href":"https:\/\/sindticccba.org.br\/index.php\/wp-json\/wp\/v2\/comments?post=1050"}],"version-history":[{"count":2,"href":"https:\/\/sindticccba.org.br\/index.php\/wp-json\/wp\/v2\/posts\/1050\/revisions"}],"predecessor-version":[{"id":1053,"href":"https:\/\/sindticccba.org.br\/index.php\/wp-json\/wp\/v2\/posts\/1050\/revisions\/1053"}],"wp:featuredmedia":[{"embeddable":true,"href":"https:\/\/sindticccba.org.br\/index.php\/wp-json\/wp\/v2\/media\/1051"}],"wp:attachment":[{"href":"https:\/\/sindticccba.org.br\/index.php\/wp-json\/wp\/v2\/media?parent=1050"}],"wp:term":[{"taxonomy":"category","embeddable":true,"href":"https:\/\/sindticccba.org.br\/index.php\/wp-json\/wp\/v2\/categories?post=1050"},{"taxonomy":"post_tag","embeddable":true,"href":"https:\/\/sindticccba.org.br\/index.php\/wp-json\/wp\/v2\/tags?post=1050"}],"curies":[{"name":"wp","href":"https:\/\/api.w.org\/{rel}","templated":true}]}}