{"id":1033,"date":"2024-01-13T10:59:39","date_gmt":"2024-01-13T13:59:39","guid":{"rendered":"https:\/\/sindticccba.org.br\/?p=1033"},"modified":"2024-01-15T20:36:40","modified_gmt":"2024-01-15T23:36:40","slug":"sindticcc-se-reune-com-byd","status":"publish","type":"post","link":"https:\/\/sindticccba.org.br\/index.php\/2024\/01\/13\/sindticcc-se-reune-com-byd\/","title":{"rendered":"SINDTICCC PARTICIPA DE REUNI\u00c3O COM BYD"},"content":{"rendered":"<p><img loading=\"lazy\" decoding=\"async\" class=\"alignnone size-full wp-image-1040\" src=\"https:\/\/sindticccba.org.br\/wp-content\/uploads\/2024\/01\/Snapshot_4.png\" alt=\"\" width=\"1920\" height=\"1080\" srcset=\"https:\/\/sindticccba.org.br\/wp-content\/uploads\/2024\/01\/Snapshot_4.png 1920w, https:\/\/sindticccba.org.br\/wp-content\/uploads\/2024\/01\/Snapshot_4-300x169.png 300w, https:\/\/sindticccba.org.br\/wp-content\/uploads\/2024\/01\/Snapshot_4-1024x576.png 1024w, https:\/\/sindticccba.org.br\/wp-content\/uploads\/2024\/01\/Snapshot_4-768x432.png 768w, https:\/\/sindticccba.org.br\/wp-content\/uploads\/2024\/01\/Snapshot_4-1536x864.png 1536w, https:\/\/sindticccba.org.br\/wp-content\/uploads\/2024\/01\/Snapshot_4-696x392.png 696w, https:\/\/sindticccba.org.br\/wp-content\/uploads\/2024\/01\/Snapshot_4-1068x601.png 1068w\" sizes=\"auto, (max-width: 1920px) 100vw, 1920px\" \/><\/p>\n<p style=\"text-align: justify;\">Uma importante reuni\u00e3o aconteceu nessa sexta-feira, 12\/01, entre representantes da BYD e dirigentes sindicais de Cama\u00e7ari, no audit\u00f3rio do nosso sindicato. Foram discutidas quest\u00f5es relacionadas \u00e0s categorias e sobre a constru\u00e7\u00e3o da f\u00e1brica da montadora chinesa em Cama\u00e7ari. Representando as entidades dos trabalhadores, participaram Antonio Ubirajara (Bira), pelo Sindticcc, e J\u00falio Bonfim, do Sindicato dos Metal\u00fargicos. O coordenador-geral do Sindticcc entregou aos representantes da BYD uma c\u00f3pia da CCT da nossa categoria, para que seja cumprida e respeitada.<br \/>\n#SindticccNaPista #S\u00f3ConquistaQuemLuta<\/p>\n","protected":false},"excerpt":{"rendered":"<p>Uma importante reuni\u00e3o aconteceu nessa sexta-feira, 12\/01, entre representantes da BYD e dirigentes sindicais de Cama\u00e7ari, no audit\u00f3rio do nosso sindicato. Foram discutidas quest\u00f5es relacionadas \u00e0s categorias e sobre a constru\u00e7\u00e3o da f\u00e1brica da montadora chinesa em Cama\u00e7ari. Representando as entidades dos trabalhadores, participaram Antonio Ubirajara (Bira), pelo Sindticcc, e J\u00falio Bonfim, do Sindicato dos [&hellip;]<\/p>\n","protected":false},"author":2,"featured_media":1038,"comment_status":"closed","ping_status":"closed","sticky":false,"template":"","format":"standard","meta":{"footnotes":""},"categories":[84,1],"tags":[],"class_list":{"0":"post-1033","1":"post","2":"type-post","3":"status-publish","4":"format-standard","5":"has-post-thumbnail","7":"category-emprego","8":"category-noticias"},"_links":{"self":[{"href":"https:\/\/sindticccba.org.br\/index.php\/wp-json\/wp\/v2\/posts\/1033","targetHints":{"allow":["GET"]}}],"collection":[{"href":"https:\/\/sindticccba.org.br\/index.php\/wp-json\/wp\/v2\/posts"}],"about":[{"href":"https:\/\/sindticccba.org.br\/index.php\/wp-json\/wp\/v2\/types\/post"}],"author":[{"embeddable":true,"href":"https:\/\/sindticccba.org.br\/index.php\/wp-json\/wp\/v2\/users\/2"}],"replies":[{"embeddable":true,"href":"https:\/\/sindticccba.org.br\/index.php\/wp-json\/wp\/v2\/comments?post=1033"}],"version-history":[{"count":4,"href":"https:\/\/sindticccba.org.br\/index.php\/wp-json\/wp\/v2\/posts\/1033\/revisions"}],"predecessor-version":[{"id":1048,"href":"https:\/\/sindticccba.org.br\/index.php\/wp-json\/wp\/v2\/posts\/1033\/revisions\/1048"}],"wp:featuredmedia":[{"embeddable":true,"href":"https:\/\/sindticccba.org.br\/index.php\/wp-json\/wp\/v2\/media\/1038"}],"wp:attachment":[{"href":"https:\/\/sindticccba.org.br\/index.php\/wp-json\/wp\/v2\/media?parent=1033"}],"wp:term":[{"taxonomy":"category","embeddable":true,"href":"https:\/\/sindticccba.org.br\/index.php\/wp-json\/wp\/v2\/categories?post=1033"},{"taxonomy":"post_tag","embeddable":true,"href":"https:\/\/sindticccba.org.br\/index.php\/wp-json\/wp\/v2\/tags?post=1033"}],"curies":[{"name":"wp","href":"https:\/\/api.w.org\/{rel}","templated":true}]}}